{"id":25240,"date":"2021-06-15T11:54:38","date_gmt":"2021-06-15T18:54:38","guid":{"rendered":"https:\/\/www.camarenahealth.org\/el-centro-de-bienestar-de-tesoro-viejo\/"},"modified":"2022-08-12T18:11:50","modified_gmt":"2022-08-13T01:11:50","slug":"el-centro-de-bienestar-de-tesoro-viejo","status":"publish","type":"post","link":"https:\/\/www.camarenahealth.org\/es\/el-centro-de-bienestar-de-tesoro-viejo\/","title":{"rendered":"El Centro de Bienestar de Tesoro Viejo"},"content":{"rendered":"\t\t<div data-elementor-type=\"wp-post\" data-elementor-id=\"25240\" class=\"elementor elementor-25240 elementor-15858\" data-elementor-post-type=\"post\">\n\t\t\t\t\t\t<section class=\"elementor-section elementor-top-section elementor-element elementor-element-28ac0f5 elementor-section-boxed elementor-section-height-default elementor-section-height-default\" data-id=\"28ac0f5\" data-element_type=\"section\" data-e-type=\"section\">\n\t\t\t\t\t\t<div class=\"elementor-container elementor-column-gap-default\">\n\t\t\t\t\t<div class=\"elementor-column elementor-col-100 elementor-top-column elementor-element elementor-element-3cc7386\" data-id=\"3cc7386\" data-element_type=\"column\" data-e-type=\"column\">\n\t\t\t<div class=\"elementor-widget-wrap elementor-element-populated\">\n\t\t\t\t\t\t<div class=\"elementor-element elementor-element-3a26585 elementor-widget elementor-widget-image\" data-id=\"3a26585\" data-element_type=\"widget\" data-e-type=\"widget\" data-widget_type=\"image.default\">\n\t\t\t\t<div class=\"elementor-widget-container\">\n\t\t\t\t\t\t\t\t\t\t\t\t\t\t\t<img fetchpriority=\"high\" decoding=\"async\" width=\"1024\" height=\"731\" src=\"https:\/\/www.camarenahealth.org\/wp-content\/uploads\/2021\/06\/Event-Photo9-1024x731.jpg\" class=\"attachment-large size-large wp-image-24647\" alt=\"\" srcset=\"https:\/\/www.camarenahealth.org\/wp-content\/uploads\/2021\/06\/Event-Photo9-1024x731.jpg 1024w, https:\/\/www.camarenahealth.org\/wp-content\/uploads\/2021\/06\/Event-Photo9-300x214.jpg 300w, https:\/\/www.camarenahealth.org\/wp-content\/uploads\/2021\/06\/Event-Photo9-768x549.jpg 768w, https:\/\/www.camarenahealth.org\/wp-content\/uploads\/2021\/06\/Event-Photo9-1536x1097.jpg 1536w, https:\/\/www.camarenahealth.org\/wp-content\/uploads\/2021\/06\/Event-Photo9-2048x1463.jpg 2048w, https:\/\/www.camarenahealth.org\/wp-content\/uploads\/2021\/06\/Event-Photo9-600x429.jpg 600w\" sizes=\"(max-width: 1024px) 100vw, 1024px\" \/>\t\t\t\t\t\t\t\t\t\t\t\t\t\t\t<\/div>\n\t\t\t\t<\/div>\n\t\t\t\t<div class=\"elementor-element elementor-element-920f105 elementor-widget elementor-widget-text-editor\" data-id=\"920f105\" data-element_type=\"widget\" data-e-type=\"widget\" data-widget_type=\"text-editor.default\">\n\t\t\t\t<div class=\"elementor-widget-container\">\n\t\t\t\t\t\t\t\t\t<p>El mi\u00e9rcoles 2 de junio, Camarena Health puso la primera piedra de su nuevo Centro de Bienestar de \u00faltima generaci\u00f3n en el Town Center de Tesoro Viejo. La instalaci\u00f3n estar\u00e1 situada al lado de The Hub, donde se encuentra el centro de acogida y la cafeter\u00eda de Tesoro Viejo. El personal de Camarena Health y Tesoro Viejo, los funcionarios p\u00fablicos, los medios de comunicaci\u00f3n locales y los miembros de la comunidad se reunieron con seguridad para la ocasi\u00f3n.<\/p><p>&#8220;Es un verdadero privilegio para Camarena Health colaborar con Tesoro Viejo en este proyecto tan innovador&#8221;, dijo el director general de Camarena Health, Paulo Soares. &#8220;Esperamos ayudar a esta comunidad a prosperar satisfaciendo las necesidades de salud y bienestar de sus residentes y sus familias. Creo que este Centro de Bienestar tendr\u00e1 un impacto duradero en la salud general de esta comunidad durante muchos a\u00f1os.&#8221;<\/p>\t\t\t\t\t\t\t\t<\/div>\n\t\t\t\t<\/div>\n\t\t\t\t<div class=\"elementor-element elementor-element-2ba3f16 elementor-widget elementor-widget-image\" data-id=\"2ba3f16\" data-element_type=\"widget\" data-e-type=\"widget\" data-widget_type=\"image.default\">\n\t\t\t\t<div class=\"elementor-widget-container\">\n\t\t\t\t\t\t\t\t\t\t\t\t\t\t\t<img decoding=\"async\" width=\"1024\" height=\"422\" src=\"https:\/\/www.camarenahealth.org\/wp-content\/uploads\/2021\/06\/CAMARENA-at-TV_PRESS-RELEASE_ElevNorth_091420-1024x422.jpg\" class=\"attachment-large size-large wp-image-24651\" alt=\"\" srcset=\"https:\/\/www.camarenahealth.org\/wp-content\/uploads\/2021\/06\/CAMARENA-at-TV_PRESS-RELEASE_ElevNorth_091420-1024x422.jpg 1024w, https:\/\/www.camarenahealth.org\/wp-content\/uploads\/2021\/06\/CAMARENA-at-TV_PRESS-RELEASE_ElevNorth_091420-300x124.jpg 300w, https:\/\/www.camarenahealth.org\/wp-content\/uploads\/2021\/06\/CAMARENA-at-TV_PRESS-RELEASE_ElevNorth_091420-768x316.jpg 768w, https:\/\/www.camarenahealth.org\/wp-content\/uploads\/2021\/06\/CAMARENA-at-TV_PRESS-RELEASE_ElevNorth_091420-1536x632.jpg 1536w, https:\/\/www.camarenahealth.org\/wp-content\/uploads\/2021\/06\/CAMARENA-at-TV_PRESS-RELEASE_ElevNorth_091420-2048x843.jpg 2048w, https:\/\/www.camarenahealth.org\/wp-content\/uploads\/2021\/06\/CAMARENA-at-TV_PRESS-RELEASE_ElevNorth_091420-600x247.jpg 600w\" sizes=\"(max-width: 1024px) 100vw, 1024px\" \/>\t\t\t\t\t\t\t\t\t\t\t\t\t\t\t<\/div>\n\t\t\t\t<\/div>\n\t\t\t\t<div class=\"elementor-element elementor-element-0787257 elementor-widget elementor-widget-text-editor\" data-id=\"0787257\" data-element_type=\"widget\" data-e-type=\"widget\" data-widget_type=\"text-editor.default\">\n\t\t\t\t<div class=\"elementor-widget-container\">\n\t\t\t\t\t\t\t\t\t<p>El Camarena Health Wellness Center es una instalaci\u00f3n de dos plantas de 13.000 pies cuadrados que ofrecer\u00e1 servicios m\u00e9dicos, dentales, de educaci\u00f3n sanitaria y otros para los pacientes y la comunidad en general. Adem\u00e1s de los servicios sanitarios, habr\u00e1 un gimnasio y espacios flexibles para otras actividades, como entrenamientos en grupo y clases.<\/p><p>&#8220;Estamos orgullosos de colaborar con un l\u00edder de la industria de la salud como Camarena Health, ya que entienden la importancia de la atenci\u00f3n sanitaria preventiva y la educaci\u00f3n sanitaria&#8221;, dijo el presidente de Tesoro Viejo, Brent McCaffrey. &#8220;Esta instalaci\u00f3n es la adici\u00f3n perfecta a Tesoro Viejo porque apoya la salud y el bienestar, una piedra angular de la comunidad de Tesoro Viejo&#8221;.<\/p><p>El Centro de Bienestar prev\u00e9 la incorporaci\u00f3n de nuevos empleados, entre los que se encuentran un proveedor de servicios m\u00e9dicos, un dentista, un cl\u00ednico de salud mental, personal de apoyo cl\u00ednico y educadores de salud. Los educadores de salud de Camarena Health ofrecer\u00e1n planes de bienestar personalizados centrados en la mejora de la salud y la nutrici\u00f3n, as\u00ed como sesiones de asesoramiento individual, sesiones de grupo y talleres comunitarios. El Centro de Bienestar tambi\u00e9n ampliar\u00e1 el alcance de Camarena Health a muchos residentes de los alrededores del Condado de Madera.<\/p>\t\t\t\t\t\t\t\t<\/div>\n\t\t\t\t<\/div>\n\t\t\t\t<div class=\"elementor-element elementor-element-b1ac573 elementor-widget elementor-widget-image\" data-id=\"b1ac573\" data-element_type=\"widget\" data-e-type=\"widget\" data-widget_type=\"image.default\">\n\t\t\t\t<div class=\"elementor-widget-container\">\n\t\t\t\t\t\t\t\t\t\t\t\t\t\t\t<img decoding=\"async\" width=\"1024\" height=\"731\" src=\"https:\/\/www.camarenahealth.org\/wp-content\/uploads\/2021\/06\/Event-Photo1-1024x731.jpg\" class=\"attachment-large size-large wp-image-24648\" alt=\"\" srcset=\"https:\/\/www.camarenahealth.org\/wp-content\/uploads\/2021\/06\/Event-Photo1-1024x731.jpg 1024w, https:\/\/www.camarenahealth.org\/wp-content\/uploads\/2021\/06\/Event-Photo1-300x214.jpg 300w, https:\/\/www.camarenahealth.org\/wp-content\/uploads\/2021\/06\/Event-Photo1-768x549.jpg 768w, https:\/\/www.camarenahealth.org\/wp-content\/uploads\/2021\/06\/Event-Photo1-1536x1097.jpg 1536w, https:\/\/www.camarenahealth.org\/wp-content\/uploads\/2021\/06\/Event-Photo1-2048x1463.jpg 2048w, https:\/\/www.camarenahealth.org\/wp-content\/uploads\/2021\/06\/Event-Photo1-600x429.jpg 600w\" sizes=\"(max-width: 1024px) 100vw, 1024px\" \/>\t\t\t\t\t\t\t\t\t\t\t\t\t\t\t<\/div>\n\t\t\t\t<\/div>\n\t\t\t\t<div class=\"elementor-element elementor-element-8ab650a elementor-widget elementor-widget-text-editor\" data-id=\"8ab650a\" data-element_type=\"widget\" data-e-type=\"widget\" data-widget_type=\"text-editor.default\">\n\t\t\t\t<div class=\"elementor-widget-container\">\n\t\t\t\t\t\t\t\t\t<p>&#8220;Son dos grupos a los que s\u00e9 que cuando necesito que se haga algo, son a los que acudo en primer lugar&#8221;, dijo el supervisor del condado de Madera, Brett Frazier, que entreg\u00f3 a Camarena Health un certificado de la Junta de Supervisores del condado de Madera en reconocimiento oficial de la colocaci\u00f3n de la primera piedra.<\/p><p>El Centro de Bienestar de la Salud de Camarena espera abrir sus puertas dentro de un a\u00f1o aproximadamente, en el verano de 2022.<\/p>\t\t\t\t\t\t\t\t<\/div>\n\t\t\t\t<\/div>\n\t\t\t\t<div class=\"elementor-element elementor-element-c530384 elementor-skin-carousel elementor-arrows-yes elementor-pagination-type-bullets elementor-pagination-position-outside elementor-widget elementor-widget-media-carousel\" data-id=\"c530384\" data-element_type=\"widget\" data-e-type=\"widget\" data-settings=\"{&quot;skin&quot;:&quot;carousel&quot;,&quot;effect&quot;:&quot;slide&quot;,&quot;show_arrows&quot;:&quot;yes&quot;,&quot;pagination&quot;:&quot;bullets&quot;,&quot;speed&quot;:500,&quot;autoplay&quot;:&quot;yes&quot;,&quot;autoplay_speed&quot;:5000,&quot;loop&quot;:&quot;yes&quot;,&quot;pause_on_hover&quot;:&quot;yes&quot;,&quot;pause_on_interaction&quot;:&quot;yes&quot;,&quot;space_between&quot;:{&quot;unit&quot;:&quot;px&quot;,&quot;size&quot;:10,&quot;sizes&quot;:[]},&quot;space_between_tablet&quot;:{&quot;unit&quot;:&quot;px&quot;,&quot;size&quot;:10,&quot;sizes&quot;:[]},&quot;space_between_mobile&quot;:{&quot;unit&quot;:&quot;px&quot;,&quot;size&quot;:10,&quot;sizes&quot;:[]}}\" data-widget_type=\"media-carousel.default\">\n\t\t\t\t<div class=\"elementor-widget-container\">\n\t\t\t\t\t\t\t\t\t<div class=\"elementor-swiper\">\n\t\t\t\t\t<div class=\"elementor-main-swiper swiper\" role=\"region\" aria-roledescription=\"carousel\" aria-label=\"Diapositivas\">\n\t\t\t\t<div class=\"swiper-wrapper\">\n\t\t\t\t\t\t\t\t\t\t\t<div class=\"swiper-slide\" role=\"group\" aria-roledescription=\"slide\">\n\t\t\t\t\t\t\t<a href=\"https:\/\/www.camarenahealth.org\/wp-content\/uploads\/2021\/06\/Screen-Shot-2021-06-15-at-11.43.53-AM.png\" data-elementor-open-lightbox=\"yes\" data-elementor-lightbox-slideshow=\"c530384\" data-elementor-lightbox-title=\"Screen Shot 2021-06-15 at 11.43.53 AM\" data-e-action-hash=\"#elementor-action%3Aaction%3Dlightbox%26settings%3DeyJpZCI6MTU4NjIsInVybCI6Imh0dHBzOlwvXC93d3cuY2FtYXJlbmFoZWFsdGgub3JnXC93cC1jb250ZW50XC91cGxvYWRzXC8yMDIxXC8wNlwvU2NyZWVuLVNob3QtMjAyMS0wNi0xNS1hdC0xMS40My41My1BTS5wbmciLCJzbGlkZXNob3ciOiJjNTMwMzg0In0%3D\" data-elementor-lightbox-video=\"https:\/\/player.vimeo.com\/video\/559245253?autoplay=1&amp;rel=0&amp;controls=0#t=\">\t\t<div class=\"elementor-carousel-image\" role=\"img\" aria-label=\"Screen Shot 2021-06-15 at 11.43.53 AM\" style=\"background-image: url(&#039;https:\/\/www.camarenahealth.org\/wp-content\/uploads\/2021\/06\/Screen-Shot-2021-06-15-at-11.43.53-AM.png&#039;)\">\n\n\t\t\t\n\t\t\t\t\t\t\t<div class=\"elementor-custom-embed-play\">\n\t\t\t\t\t<i aria-hidden=\"true\" class=\"eicon-play\"><\/i>\t\t\t\t\t<span class=\"elementor-screen-only\">Reproducir<\/span>\n\t\t\t\t<\/div>\n\t\t\t\t\t<\/div>\n\t\t<\/a>\t\t\t\t\t\t<\/div>\n\t\t\t\t\t\t\t\t\t\t\t<div class=\"swiper-slide\" role=\"group\" aria-roledescription=\"slide\">\n\t\t\t\t\t\t\t<a href=\"https:\/\/www.camarenahealth.org\/wp-content\/uploads\/2021\/06\/Event-Photo16.jpg\" data-elementor-open-lightbox=\"yes\" data-elementor-lightbox-slideshow=\"c530384\" data-elementor-lightbox-title=\"Tesoro Viejo\" data-e-action-hash=\"#elementor-action%3Aaction%3Dlightbox%26settings%3DeyJpZCI6MTU4NjQsInVybCI6Imh0dHBzOlwvXC93d3cuY2FtYXJlbmFoZWFsdGgub3JnXC93cC1jb250ZW50XC91cGxvYWRzXC8yMDIxXC8wNlwvRXZlbnQtUGhvdG8xNi5qcGciLCJzbGlkZXNob3ciOiJjNTMwMzg0In0%3D\">\t\t<div class=\"elementor-carousel-image\" role=\"img\" aria-label=\"Tesoro Viejo\" style=\"background-image: url(&#039;https:\/\/www.camarenahealth.org\/wp-content\/uploads\/2021\/06\/Event-Photo16.jpg&#039;)\">\n\n\t\t\t\n\t\t\t\t\t<\/div>\n\t\t<\/a>\t\t\t\t\t\t<\/div>\n\t\t\t\t\t\t\t\t\t\t\t<div class=\"swiper-slide\" role=\"group\" aria-roledescription=\"slide\">\n\t\t\t\t\t\t\t<a href=\"https:\/\/www.camarenahealth.org\/wp-content\/uploads\/2021\/06\/Event-Photo7-scaled.jpg\" data-elementor-open-lightbox=\"yes\" data-elementor-lightbox-slideshow=\"c530384\" data-elementor-lightbox-title=\"Tesoro Viejo\" data-e-action-hash=\"#elementor-action%3Aaction%3Dlightbox%26settings%3DeyJpZCI6MTU4NjUsInVybCI6Imh0dHBzOlwvXC93d3cuY2FtYXJlbmFoZWFsdGgub3JnXC93cC1jb250ZW50XC91cGxvYWRzXC8yMDIxXC8wNlwvRXZlbnQtUGhvdG83LXNjYWxlZC5qcGciLCJzbGlkZXNob3ciOiJjNTMwMzg0In0%3D\">\t\t<div class=\"elementor-carousel-image\" role=\"img\" aria-label=\"Tesoro Viejo\" style=\"background-image: url(&#039;https:\/\/www.camarenahealth.org\/wp-content\/uploads\/2021\/06\/Event-Photo7-scaled.jpg&#039;)\">\n\n\t\t\t\n\t\t\t\t\t<\/div>\n\t\t<\/a>\t\t\t\t\t\t<\/div>\n\t\t\t\t\t\t\t\t\t\t\t<div class=\"swiper-slide\" role=\"group\" aria-roledescription=\"slide\">\n\t\t\t\t\t\t\t<a href=\"https:\/\/www.camarenahealth.org\/wp-content\/uploads\/2021\/06\/Event-Photo10-scaled.jpg\" data-elementor-open-lightbox=\"yes\" data-elementor-lightbox-slideshow=\"c530384\" data-elementor-lightbox-title=\"Tesoro Viejo\" data-e-action-hash=\"#elementor-action%3Aaction%3Dlightbox%26settings%3DeyJpZCI6MTU4NjYsInVybCI6Imh0dHBzOlwvXC93d3cuY2FtYXJlbmFoZWFsdGgub3JnXC93cC1jb250ZW50XC91cGxvYWRzXC8yMDIxXC8wNlwvRXZlbnQtUGhvdG8xMC1zY2FsZWQuanBnIiwic2xpZGVzaG93IjoiYzUzMDM4NCJ9\">\t\t<div class=\"elementor-carousel-image\" role=\"img\" aria-label=\"Tesoro Viejo\" style=\"background-image: url(&#039;https:\/\/www.camarenahealth.org\/wp-content\/uploads\/2021\/06\/Event-Photo10-scaled.jpg&#039;)\">\n\n\t\t\t\n\t\t\t\t\t<\/div>\n\t\t<\/a>\t\t\t\t\t\t<\/div>\n\t\t\t\t\t\t\t\t\t\t\t<div class=\"swiper-slide\" role=\"group\" aria-roledescription=\"slide\">\n\t\t\t\t\t\t\t\t\t<div class=\"elementor-carousel-image\" role=\"img\" aria-label=\"Tesoro Viejo\" style=\"background-image: url(&#039;https:\/\/www.camarenahealth.org\/wp-content\/uploads\/2021\/06\/Event-Photo18.jpg&#039;)\">\n\n\t\t\t\n\t\t\t\t\t<\/div>\n\t\t\t\t\t\t\t\t<\/div>\n\t\t\t\t\t\t\t\t\t<\/div>\n\t\t\t\t\t\t\t\t\t\t\t\t\t\t\t<div class=\"elementor-swiper-button elementor-swiper-button-prev\" role=\"button\" tabindex=\"0\" aria-label=\"Anterior\">\n\t\t\t\t\t\t\t<i aria-hidden=\"true\" class=\"eicon-chevron-left\"><\/i>\t\t\t\t\t\t<\/div>\n\t\t\t\t\t\t<div class=\"elementor-swiper-button elementor-swiper-button-next\" role=\"button\" tabindex=\"0\" aria-label=\"Siguiente\">\n\t\t\t\t\t\t\t<i aria-hidden=\"true\" class=\"eicon-chevron-right\"><\/i>\t\t\t\t\t\t<\/div>\n\t\t\t\t\t\t\t\t\t\t\t\t\t\t\t\t<div class=\"swiper-pagination\"><\/div>\n\t\t\t\t\t\t\t\t\t\t\t\t<\/div>\n\t\t\t\t<\/div>\n\t\t\t\t\t\t\t\t<\/div>\n\t\t\t\t<\/div>\n\t\t\t\t\t<\/div>\n\t\t<\/div>\n\t\t\t\t\t<\/div>\n\t\t<\/section>\n\t\t\t\t<\/div>\n\t\t","protected":false},"excerpt":{"rendered":"<p>El mi\u00e9rcoles 2 de junio, Camarena Health puso la primera piedra de su nuevo Centro de Bienestar de \u00faltima generaci\u00f3n en el Town Center de Tesoro Viejo. La instalaci\u00f3n estar\u00e1 situada al lado de The Hub, donde se encuentra el centro de acogida y la cafeter\u00eda de Tesoro Viejo. El personal de Camarena Health y&hellip;<\/p>\n","protected":false},"author":1,"featured_media":24647,"comment_status":"open","ping_status":"open","sticky":false,"template":"","format":"standard","meta":{"footnotes":""},"categories":[191,178,177],"tags":[182,249,179,248],"class_list":["post-25240","post","type-post","status-publish","format-standard","has-post-thumbnail","hentry","category-atencion-sanitaria","category-comunidad","category-noticias-y-actualizaciones","tag-camarena-se-preocupa","tag-centro-de-bienestar","tag-salud-de-camarena","tag-tesoro-viejo-es"],"yoast_head":"<!-- This site is optimized with the Yoast SEO plugin v27.4 - https:\/\/yoast.com\/product\/yoast-seo-wordpress\/ -->\n<title>El Centro de Bienestar de Tesoro Viejo - Camarena Health<\/title>\n<meta name=\"description\" content=\"El mi\u00e9rcoles 2 de junio, Camarena Health puso la primera piedra de su nuevo Centro de Bienestar de \u00faltima generaci\u00f3n en el Town Center de Tesoro Viejo.\" \/>\n<meta name=\"robots\" content=\"index, follow, max-snippet:-1, max-image-preview:large, max-video-preview:-1\" \/>\n<link rel=\"canonical\" href=\"https:\/\/www.camarenahealth.org\/es\/el-centro-de-bienestar-de-tesoro-viejo\/\" \/>\n<meta property=\"og:locale\" content=\"es_ES\" \/>\n<meta property=\"og:type\" content=\"article\" \/>\n<meta property=\"og:title\" content=\"El Centro de Bienestar de Tesoro Viejo - Camarena Health\" \/>\n<meta property=\"og:description\" content=\"El mi\u00e9rcoles 2 de junio, Camarena Health puso la primera piedra de su nuevo Centro de Bienestar de \u00faltima generaci\u00f3n en el Town Center de Tesoro Viejo.\" \/>\n<meta property=\"og:url\" content=\"https:\/\/www.camarenahealth.org\/es\/el-centro-de-bienestar-de-tesoro-viejo\/\" \/>\n<meta property=\"og:site_name\" content=\"Camarena Health\" \/>\n<meta property=\"article:published_time\" content=\"2021-06-15T18:54:38+00:00\" \/>\n<meta property=\"article:modified_time\" content=\"2022-08-13T01:11:50+00:00\" \/>\n<meta property=\"og:image\" content=\"https:\/\/www.camarenahealth.org\/wp-content\/uploads\/2021\/06\/Event-Photo9-scaled.jpg\" \/>\n\t<meta property=\"og:image:width\" content=\"2560\" \/>\n\t<meta property=\"og:image:height\" content=\"1829\" \/>\n\t<meta property=\"og:image:type\" content=\"image\/jpeg\" \/>\n<meta name=\"author\" content=\"admin\" \/>\n<meta name=\"twitter:card\" content=\"summary_large_image\" \/>\n<meta name=\"twitter:label1\" content=\"Escrito por\" \/>\n\t<meta name=\"twitter:data1\" content=\"admin\" \/>\n\t<meta name=\"twitter:label2\" content=\"Tiempo de lectura\" \/>\n\t<meta name=\"twitter:data2\" content=\"2 minutos\" \/>\n<script type=\"application\/ld+json\" class=\"yoast-schema-graph\">{\"@context\":\"https:\\\/\\\/schema.org\",\"@graph\":[{\"@type\":\"Article\",\"@id\":\"https:\\\/\\\/www.camarenahealth.org\\\/es\\\/el-centro-de-bienestar-de-tesoro-viejo\\\/#article\",\"isPartOf\":{\"@id\":\"https:\\\/\\\/www.camarenahealth.org\\\/es\\\/el-centro-de-bienestar-de-tesoro-viejo\\\/\"},\"author\":{\"name\":\"admin\",\"@id\":\"https:\\\/\\\/www.camarenahealth.org\\\/es\\\/#\\\/schema\\\/person\\\/4f96ebdd85bf692536518eb4339cb22a\"},\"headline\":\"El Centro de Bienestar de Tesoro Viejo\",\"datePublished\":\"2021-06-15T18:54:38+00:00\",\"dateModified\":\"2022-08-13T01:11:50+00:00\",\"mainEntityOfPage\":{\"@id\":\"https:\\\/\\\/www.camarenahealth.org\\\/es\\\/el-centro-de-bienestar-de-tesoro-viejo\\\/\"},\"wordCount\":462,\"commentCount\":0,\"publisher\":{\"@id\":\"https:\\\/\\\/www.camarenahealth.org\\\/es\\\/#organization\"},\"image\":{\"@id\":\"https:\\\/\\\/www.camarenahealth.org\\\/es\\\/el-centro-de-bienestar-de-tesoro-viejo\\\/#primaryimage\"},\"thumbnailUrl\":\"https:\\\/\\\/www.camarenahealth.org\\\/wp-content\\\/uploads\\\/2021\\\/06\\\/Event-Photo9-scaled.jpg\",\"keywords\":[\"camarena se preocupa\",\"Centro de bienestar\",\"salud de camarena\",\"Tesoro Viejo\"],\"articleSection\":[\"Atenci\u00f3n sanitaria\",\"Comunidad\",\"Noticias y actualizaciones\"],\"inLanguage\":\"es\",\"potentialAction\":[{\"@type\":\"CommentAction\",\"name\":\"Comment\",\"target\":[\"https:\\\/\\\/www.camarenahealth.org\\\/es\\\/el-centro-de-bienestar-de-tesoro-viejo\\\/#respond\"]}]},{\"@type\":\"WebPage\",\"@id\":\"https:\\\/\\\/www.camarenahealth.org\\\/es\\\/el-centro-de-bienestar-de-tesoro-viejo\\\/\",\"url\":\"https:\\\/\\\/www.camarenahealth.org\\\/es\\\/el-centro-de-bienestar-de-tesoro-viejo\\\/\",\"name\":\"El Centro de Bienestar de Tesoro Viejo - Camarena Health\",\"isPartOf\":{\"@id\":\"https:\\\/\\\/www.camarenahealth.org\\\/es\\\/#website\"},\"primaryImageOfPage\":{\"@id\":\"https:\\\/\\\/www.camarenahealth.org\\\/es\\\/el-centro-de-bienestar-de-tesoro-viejo\\\/#primaryimage\"},\"image\":{\"@id\":\"https:\\\/\\\/www.camarenahealth.org\\\/es\\\/el-centro-de-bienestar-de-tesoro-viejo\\\/#primaryimage\"},\"thumbnailUrl\":\"https:\\\/\\\/www.camarenahealth.org\\\/wp-content\\\/uploads\\\/2021\\\/06\\\/Event-Photo9-scaled.jpg\",\"datePublished\":\"2021-06-15T18:54:38+00:00\",\"dateModified\":\"2022-08-13T01:11:50+00:00\",\"description\":\"El mi\u00e9rcoles 2 de junio, Camarena Health puso la primera piedra de su nuevo Centro de Bienestar de \u00faltima generaci\u00f3n en el Town Center de Tesoro Viejo.\",\"breadcrumb\":{\"@id\":\"https:\\\/\\\/www.camarenahealth.org\\\/es\\\/el-centro-de-bienestar-de-tesoro-viejo\\\/#breadcrumb\"},\"inLanguage\":\"es\",\"potentialAction\":[{\"@type\":\"ReadAction\",\"target\":[\"https:\\\/\\\/www.camarenahealth.org\\\/es\\\/el-centro-de-bienestar-de-tesoro-viejo\\\/\"]}]},{\"@type\":\"ImageObject\",\"inLanguage\":\"es\",\"@id\":\"https:\\\/\\\/www.camarenahealth.org\\\/es\\\/el-centro-de-bienestar-de-tesoro-viejo\\\/#primaryimage\",\"url\":\"https:\\\/\\\/www.camarenahealth.org\\\/wp-content\\\/uploads\\\/2021\\\/06\\\/Event-Photo9-scaled.jpg\",\"contentUrl\":\"https:\\\/\\\/www.camarenahealth.org\\\/wp-content\\\/uploads\\\/2021\\\/06\\\/Event-Photo9-scaled.jpg\",\"width\":2560,\"height\":1829},{\"@type\":\"BreadcrumbList\",\"@id\":\"https:\\\/\\\/www.camarenahealth.org\\\/es\\\/el-centro-de-bienestar-de-tesoro-viejo\\\/#breadcrumb\",\"itemListElement\":[{\"@type\":\"ListItem\",\"position\":1,\"name\":\"Home\",\"item\":\"https:\\\/\\\/www.camarenahealth.org\\\/es\\\/salud-camarena\\\/\"},{\"@type\":\"ListItem\",\"position\":2,\"name\":\"El Centro de Bienestar de Tesoro Viejo\"}]},{\"@type\":\"WebSite\",\"@id\":\"https:\\\/\\\/www.camarenahealth.org\\\/es\\\/#website\",\"url\":\"https:\\\/\\\/www.camarenahealth.org\\\/es\\\/\",\"name\":\"Camarena Health\",\"description\":\"We Are Community. We Are Family. We Are Health.\",\"publisher\":{\"@id\":\"https:\\\/\\\/www.camarenahealth.org\\\/es\\\/#organization\"},\"potentialAction\":[{\"@type\":\"SearchAction\",\"target\":{\"@type\":\"EntryPoint\",\"urlTemplate\":\"https:\\\/\\\/www.camarenahealth.org\\\/es\\\/?s={search_term_string}\"},\"query-input\":{\"@type\":\"PropertyValueSpecification\",\"valueRequired\":true,\"valueName\":\"search_term_string\"}}],\"inLanguage\":\"es\"},{\"@type\":\"Organization\",\"@id\":\"https:\\\/\\\/www.camarenahealth.org\\\/es\\\/#organization\",\"name\":\"Camarena Health\",\"url\":\"https:\\\/\\\/www.camarenahealth.org\\\/es\\\/\",\"logo\":{\"@type\":\"ImageObject\",\"inLanguage\":\"es\",\"@id\":\"https:\\\/\\\/www.camarenahealth.org\\\/es\\\/#\\\/schema\\\/logo\\\/image\\\/\",\"url\":\"https:\\\/\\\/www.camarenahealth.org\\\/wp-content\\\/uploads\\\/2021\\\/12\\\/Camarena-Health_2022-Logo.svg\",\"contentUrl\":\"https:\\\/\\\/www.camarenahealth.org\\\/wp-content\\\/uploads\\\/2021\\\/12\\\/Camarena-Health_2022-Logo.svg\",\"width\":1920,\"height\":382,\"caption\":\"Camarena Health\"},\"image\":{\"@id\":\"https:\\\/\\\/www.camarenahealth.org\\\/es\\\/#\\\/schema\\\/logo\\\/image\\\/\"}},{\"@type\":\"Person\",\"@id\":\"https:\\\/\\\/www.camarenahealth.org\\\/es\\\/#\\\/schema\\\/person\\\/4f96ebdd85bf692536518eb4339cb22a\",\"name\":\"admin\",\"image\":{\"@type\":\"ImageObject\",\"inLanguage\":\"es\",\"@id\":\"https:\\\/\\\/secure.gravatar.com\\\/avatar\\\/fd9e486de4ba74ef97392bfdbcc4f522b2ef9076f5b8c2d3a44f648452f4c44b?s=96&d=mm&r=g\",\"url\":\"https:\\\/\\\/secure.gravatar.com\\\/avatar\\\/fd9e486de4ba74ef97392bfdbcc4f522b2ef9076f5b8c2d3a44f648452f4c44b?s=96&d=mm&r=g\",\"contentUrl\":\"https:\\\/\\\/secure.gravatar.com\\\/avatar\\\/fd9e486de4ba74ef97392bfdbcc4f522b2ef9076f5b8c2d3a44f648452f4c44b?s=96&d=mm&r=g\",\"caption\":\"admin\"},\"url\":\"https:\\\/\\\/www.camarenahealth.org\\\/es\\\/author\\\/admin\\\/\"}]}<\/script>\n<!-- \/ Yoast SEO plugin. -->","yoast_head_json":{"title":"El Centro de Bienestar de Tesoro Viejo - Camarena Health","description":"El mi\u00e9rcoles 2 de junio, Camarena Health puso la primera piedra de su nuevo Centro de Bienestar de \u00faltima generaci\u00f3n en el Town Center de Tesoro Viejo.","robots":{"index":"index","follow":"follow","max-snippet":"max-snippet:-1","max-image-preview":"max-image-preview:large","max-video-preview":"max-video-preview:-1"},"canonical":"https:\/\/www.camarenahealth.org\/es\/el-centro-de-bienestar-de-tesoro-viejo\/","og_locale":"es_ES","og_type":"article","og_title":"El Centro de Bienestar de Tesoro Viejo - Camarena Health","og_description":"El mi\u00e9rcoles 2 de junio, Camarena Health puso la primera piedra de su nuevo Centro de Bienestar de \u00faltima generaci\u00f3n en el Town Center de Tesoro Viejo.","og_url":"https:\/\/www.camarenahealth.org\/es\/el-centro-de-bienestar-de-tesoro-viejo\/","og_site_name":"Camarena Health","article_published_time":"2021-06-15T18:54:38+00:00","article_modified_time":"2022-08-13T01:11:50+00:00","og_image":[{"width":2560,"height":1829,"url":"https:\/\/www.camarenahealth.org\/wp-content\/uploads\/2021\/06\/Event-Photo9-scaled.jpg","type":"image\/jpeg"}],"author":"admin","twitter_card":"summary_large_image","twitter_misc":{"Escrito por":"admin","Tiempo de lectura":"2 minutos"},"schema":{"@context":"https:\/\/schema.org","@graph":[{"@type":"Article","@id":"https:\/\/www.camarenahealth.org\/es\/el-centro-de-bienestar-de-tesoro-viejo\/#article","isPartOf":{"@id":"https:\/\/www.camarenahealth.org\/es\/el-centro-de-bienestar-de-tesoro-viejo\/"},"author":{"name":"admin","@id":"https:\/\/www.camarenahealth.org\/es\/#\/schema\/person\/4f96ebdd85bf692536518eb4339cb22a"},"headline":"El Centro de Bienestar de Tesoro Viejo","datePublished":"2021-06-15T18:54:38+00:00","dateModified":"2022-08-13T01:11:50+00:00","mainEntityOfPage":{"@id":"https:\/\/www.camarenahealth.org\/es\/el-centro-de-bienestar-de-tesoro-viejo\/"},"wordCount":462,"commentCount":0,"publisher":{"@id":"https:\/\/www.camarenahealth.org\/es\/#organization"},"image":{"@id":"https:\/\/www.camarenahealth.org\/es\/el-centro-de-bienestar-de-tesoro-viejo\/#primaryimage"},"thumbnailUrl":"https:\/\/www.camarenahealth.org\/wp-content\/uploads\/2021\/06\/Event-Photo9-scaled.jpg","keywords":["camarena se preocupa","Centro de bienestar","salud de camarena","Tesoro Viejo"],"articleSection":["Atenci\u00f3n sanitaria","Comunidad","Noticias y actualizaciones"],"inLanguage":"es","potentialAction":[{"@type":"CommentAction","name":"Comment","target":["https:\/\/www.camarenahealth.org\/es\/el-centro-de-bienestar-de-tesoro-viejo\/#respond"]}]},{"@type":"WebPage","@id":"https:\/\/www.camarenahealth.org\/es\/el-centro-de-bienestar-de-tesoro-viejo\/","url":"https:\/\/www.camarenahealth.org\/es\/el-centro-de-bienestar-de-tesoro-viejo\/","name":"El Centro de Bienestar de Tesoro Viejo - Camarena Health","isPartOf":{"@id":"https:\/\/www.camarenahealth.org\/es\/#website"},"primaryImageOfPage":{"@id":"https:\/\/www.camarenahealth.org\/es\/el-centro-de-bienestar-de-tesoro-viejo\/#primaryimage"},"image":{"@id":"https:\/\/www.camarenahealth.org\/es\/el-centro-de-bienestar-de-tesoro-viejo\/#primaryimage"},"thumbnailUrl":"https:\/\/www.camarenahealth.org\/wp-content\/uploads\/2021\/06\/Event-Photo9-scaled.jpg","datePublished":"2021-06-15T18:54:38+00:00","dateModified":"2022-08-13T01:11:50+00:00","description":"El mi\u00e9rcoles 2 de junio, Camarena Health puso la primera piedra de su nuevo Centro de Bienestar de \u00faltima generaci\u00f3n en el Town Center de Tesoro Viejo.","breadcrumb":{"@id":"https:\/\/www.camarenahealth.org\/es\/el-centro-de-bienestar-de-tesoro-viejo\/#breadcrumb"},"inLanguage":"es","potentialAction":[{"@type":"ReadAction","target":["https:\/\/www.camarenahealth.org\/es\/el-centro-de-bienestar-de-tesoro-viejo\/"]}]},{"@type":"ImageObject","inLanguage":"es","@id":"https:\/\/www.camarenahealth.org\/es\/el-centro-de-bienestar-de-tesoro-viejo\/#primaryimage","url":"https:\/\/www.camarenahealth.org\/wp-content\/uploads\/2021\/06\/Event-Photo9-scaled.jpg","contentUrl":"https:\/\/www.camarenahealth.org\/wp-content\/uploads\/2021\/06\/Event-Photo9-scaled.jpg","width":2560,"height":1829},{"@type":"BreadcrumbList","@id":"https:\/\/www.camarenahealth.org\/es\/el-centro-de-bienestar-de-tesoro-viejo\/#breadcrumb","itemListElement":[{"@type":"ListItem","position":1,"name":"Home","item":"https:\/\/www.camarenahealth.org\/es\/salud-camarena\/"},{"@type":"ListItem","position":2,"name":"El Centro de Bienestar de Tesoro Viejo"}]},{"@type":"WebSite","@id":"https:\/\/www.camarenahealth.org\/es\/#website","url":"https:\/\/www.camarenahealth.org\/es\/","name":"Camarena Health","description":"We Are Community. We Are Family. We Are Health.","publisher":{"@id":"https:\/\/www.camarenahealth.org\/es\/#organization"},"potentialAction":[{"@type":"SearchAction","target":{"@type":"EntryPoint","urlTemplate":"https:\/\/www.camarenahealth.org\/es\/?s={search_term_string}"},"query-input":{"@type":"PropertyValueSpecification","valueRequired":true,"valueName":"search_term_string"}}],"inLanguage":"es"},{"@type":"Organization","@id":"https:\/\/www.camarenahealth.org\/es\/#organization","name":"Camarena Health","url":"https:\/\/www.camarenahealth.org\/es\/","logo":{"@type":"ImageObject","inLanguage":"es","@id":"https:\/\/www.camarenahealth.org\/es\/#\/schema\/logo\/image\/","url":"https:\/\/www.camarenahealth.org\/wp-content\/uploads\/2021\/12\/Camarena-Health_2022-Logo.svg","contentUrl":"https:\/\/www.camarenahealth.org\/wp-content\/uploads\/2021\/12\/Camarena-Health_2022-Logo.svg","width":1920,"height":382,"caption":"Camarena Health"},"image":{"@id":"https:\/\/www.camarenahealth.org\/es\/#\/schema\/logo\/image\/"}},{"@type":"Person","@id":"https:\/\/www.camarenahealth.org\/es\/#\/schema\/person\/4f96ebdd85bf692536518eb4339cb22a","name":"admin","image":{"@type":"ImageObject","inLanguage":"es","@id":"https:\/\/secure.gravatar.com\/avatar\/fd9e486de4ba74ef97392bfdbcc4f522b2ef9076f5b8c2d3a44f648452f4c44b?s=96&d=mm&r=g","url":"https:\/\/secure.gravatar.com\/avatar\/fd9e486de4ba74ef97392bfdbcc4f522b2ef9076f5b8c2d3a44f648452f4c44b?s=96&d=mm&r=g","contentUrl":"https:\/\/secure.gravatar.com\/avatar\/fd9e486de4ba74ef97392bfdbcc4f522b2ef9076f5b8c2d3a44f648452f4c44b?s=96&d=mm&r=g","caption":"admin"},"url":"https:\/\/www.camarenahealth.org\/es\/author\/admin\/"}]}},"_links":{"self":[{"href":"https:\/\/www.camarenahealth.org\/es\/wp-json\/wp\/v2\/posts\/25240","targetHints":{"allow":["GET"]}}],"collection":[{"href":"https:\/\/www.camarenahealth.org\/es\/wp-json\/wp\/v2\/posts"}],"about":[{"href":"https:\/\/www.camarenahealth.org\/es\/wp-json\/wp\/v2\/types\/post"}],"author":[{"embeddable":true,"href":"https:\/\/www.camarenahealth.org\/es\/wp-json\/wp\/v2\/users\/1"}],"replies":[{"embeddable":true,"href":"https:\/\/www.camarenahealth.org\/es\/wp-json\/wp\/v2\/comments?post=25240"}],"version-history":[{"count":0,"href":"https:\/\/www.camarenahealth.org\/es\/wp-json\/wp\/v2\/posts\/25240\/revisions"}],"wp:featuredmedia":[{"embeddable":true,"href":"https:\/\/www.camarenahealth.org\/es\/wp-json\/wp\/v2\/media\/24647"}],"wp:attachment":[{"href":"https:\/\/www.camarenahealth.org\/es\/wp-json\/wp\/v2\/media?parent=25240"}],"wp:term":[{"taxonomy":"category","embeddable":true,"href":"https:\/\/www.camarenahealth.org\/es\/wp-json\/wp\/v2\/categories?post=25240"},{"taxonomy":"post_tag","embeddable":true,"href":"https:\/\/www.camarenahealth.org\/es\/wp-json\/wp\/v2\/tags?post=25240"}],"curies":[{"name":"wp","href":"https:\/\/api.w.org\/{rel}","templated":true}]}}