{"id":36661,"date":"2026-07-21T11:10:51","date_gmt":"2026-07-21T18:10:51","guid":{"rendered":"https:\/\/www.camarenahealth.org\/las-comunidades-mas-fuertes-empiezan-aqui\/"},"modified":"2026-07-21T13:31:36","modified_gmt":"2026-07-21T20:31:36","slug":"las-comunidades-mas-fuertes-empiezan-aqui","status":"publish","type":"post","link":"https:\/\/www.camarenahealth.org\/es\/las-comunidades-mas-fuertes-empiezan-aqui\/","title":{"rendered":"Las comunidades m\u00e1s fuertes empiezan aqu\u00ed"},"content":{"rendered":"\t\t<div data-elementor-type=\"wp-post\" data-elementor-id=\"36661\" class=\"elementor elementor-36661 elementor-36653\" data-elementor-post-type=\"post\">\n\t\t\t\t<div class=\"elementor-element elementor-element-96c61f2 e-flex e-con-boxed e-con e-parent\" data-id=\"96c61f2\" data-element_type=\"container\" data-e-type=\"container\">\n\t\t\t\t\t<div class=\"e-con-inner\">\n\t\t\t\t<div class=\"elementor-element elementor-element-542841c elementor-widget elementor-widget-heading\" data-id=\"542841c\" data-element_type=\"widget\" data-e-type=\"widget\" data-widget_type=\"heading.default\">\n\t\t\t\t<div class=\"elementor-widget-container\">\n\t\t\t\t\t<h2 class=\"elementor-heading-title elementor-size-default\">La Feria de Salud y Recursos Comunitarios de 2026 re\u00fane a cientos de personas<\/h2>\t\t\t\t<\/div>\n\t\t\t\t<\/div>\n\t\t\t\t\t<\/div>\n\t\t\t\t<\/div>\n\t\t<div class=\"elementor-element elementor-element-e4ce477 e-flex e-con-boxed e-con e-parent\" data-id=\"e4ce477\" data-element_type=\"container\" data-e-type=\"container\">\n\t\t\t\t\t<div class=\"e-con-inner\">\n\t\t\t\t<div class=\"elementor-element elementor-element-bb58b57 elementor-widget elementor-widget-text-editor\" data-id=\"bb58b57\" data-element_type=\"widget\" data-e-type=\"widget\" data-widget_type=\"text-editor.default\">\n\t\t\t\t<div class=\"elementor-widget-container\">\n\t\t\t\t\t\t\t\t\t<p>Despu\u00e9s de m\u00e1s de cinco a\u00f1os, Camarena Health se enorgulleci\u00f3 de volver a celebrar su Feria de Salud y Recursos Comunitarios, y la comunidad acudi\u00f3 en masa.<\/p><p>Cientos de vecinos se unieron a nosotros el 16 de julio para pasar una ma\u00f1ana llena de actividades relacionadas con la salud, recursos y diversi\u00f3n en familia. Unas 20 organizaciones colaboradoras se unieron para poner a las familias en contacto con servicios y apoyo muy \u00fatiles, mientras que los ni\u00f1os recibieron mochilas y material escolar gratis para ayudarles a prepararse para el nuevo curso. Los asistentes tambi\u00e9n pudieron disfrutar de revisiones m\u00e9dicas, actividades para los peques, cajas de comida proporcionadas por el <a href=\"https:\/\/www.maderafoodbank.com\/\">Banco de Alimentos del condado de Madera<\/a> y sorteos cada hora con cestas de premios y regalos.  <\/p>\t\t\t\t\t\t\t\t<\/div>\n\t\t\t\t<\/div>\n\t\t\t\t\t<\/div>\n\t\t\t\t<\/div>\n\t\t<div class=\"elementor-element elementor-element-28174f2 e-grid e-con-boxed e-con e-parent\" data-id=\"28174f2\" data-element_type=\"container\" data-e-type=\"container\">\n\t\t\t\t\t<div class=\"e-con-inner\">\n\t\t\t\t<div class=\"elementor-element elementor-element-31af325 elementor-widget elementor-widget-image\" data-id=\"31af325\" data-element_type=\"widget\" data-e-type=\"widget\" data-widget_type=\"image.default\">\n\t\t\t\t<div class=\"elementor-widget-container\">\n\t\t\t\t\t\t\t\t\t\t\t\t\t\t\t<img fetchpriority=\"high\" decoding=\"async\" width=\"1024\" height=\"684\" src=\"https:\/\/www.camarenahealth.org\/wp-content\/uploads\/2026\/07\/CAM02399-1-1024x684.jpg\" class=\"attachment-large size-large wp-image-36664\" alt=\"\" srcset=\"https:\/\/www.camarenahealth.org\/wp-content\/uploads\/2026\/07\/CAM02399-1-1024x684.jpg 1024w, https:\/\/www.camarenahealth.org\/wp-content\/uploads\/2026\/07\/CAM02399-1-300x200.jpg 300w, https:\/\/www.camarenahealth.org\/wp-content\/uploads\/2026\/07\/CAM02399-1-768x513.jpg 768w, https:\/\/www.camarenahealth.org\/wp-content\/uploads\/2026\/07\/CAM02399-1-391x260.jpg 391w, https:\/\/www.camarenahealth.org\/wp-content\/uploads\/2026\/07\/CAM02399-1-1536x1027.jpg 1536w, https:\/\/www.camarenahealth.org\/wp-content\/uploads\/2026\/07\/CAM02399-1-600x401.jpg 600w, https:\/\/www.camarenahealth.org\/wp-content\/uploads\/2026\/07\/CAM02399-1.jpg 1616w\" sizes=\"(max-width: 1024px) 100vw, 1024px\" \/>\t\t\t\t\t\t\t\t\t\t\t\t\t\t\t<\/div>\n\t\t\t\t<\/div>\n\t\t\t\t<div class=\"elementor-element elementor-element-f47ba68 elementor-widget elementor-widget-image\" data-id=\"f47ba68\" data-element_type=\"widget\" data-e-type=\"widget\" data-widget_type=\"image.default\">\n\t\t\t\t<div class=\"elementor-widget-container\">\n\t\t\t\t\t\t\t\t\t\t\t\t\t\t\t<img decoding=\"async\" width=\"1024\" height=\"684\" src=\"https:\/\/www.camarenahealth.org\/wp-content\/uploads\/2026\/07\/CAM02419-1024x684.jpg\" class=\"attachment-large size-large wp-image-36665\" alt=\"\" srcset=\"https:\/\/www.camarenahealth.org\/wp-content\/uploads\/2026\/07\/CAM02419-1024x684.jpg 1024w, https:\/\/www.camarenahealth.org\/wp-content\/uploads\/2026\/07\/CAM02419-300x200.jpg 300w, https:\/\/www.camarenahealth.org\/wp-content\/uploads\/2026\/07\/CAM02419-768x513.jpg 768w, https:\/\/www.camarenahealth.org\/wp-content\/uploads\/2026\/07\/CAM02419-391x260.jpg 391w, https:\/\/www.camarenahealth.org\/wp-content\/uploads\/2026\/07\/CAM02419-1536x1027.jpg 1536w, https:\/\/www.camarenahealth.org\/wp-content\/uploads\/2026\/07\/CAM02419-600x401.jpg 600w, https:\/\/www.camarenahealth.org\/wp-content\/uploads\/2026\/07\/CAM02419.jpg 1616w\" sizes=\"(max-width: 1024px) 100vw, 1024px\" \/>\t\t\t\t\t\t\t\t\t\t\t\t\t\t\t<\/div>\n\t\t\t\t<\/div>\n\t\t\t\t<div class=\"elementor-element elementor-element-d64bb97 elementor-widget elementor-widget-image\" data-id=\"d64bb97\" data-element_type=\"widget\" data-e-type=\"widget\" data-widget_type=\"image.default\">\n\t\t\t\t<div class=\"elementor-widget-container\">\n\t\t\t\t\t\t\t\t\t\t\t\t\t\t\t<img decoding=\"async\" width=\"1024\" height=\"740\" src=\"https:\/\/www.camarenahealth.org\/wp-content\/uploads\/2026\/07\/CAM02354-1024x740.jpg\" class=\"attachment-large size-large wp-image-36666\" alt=\"\" srcset=\"https:\/\/www.camarenahealth.org\/wp-content\/uploads\/2026\/07\/CAM02354-1024x740.jpg 1024w, https:\/\/www.camarenahealth.org\/wp-content\/uploads\/2026\/07\/CAM02354-300x217.jpg 300w, https:\/\/www.camarenahealth.org\/wp-content\/uploads\/2026\/07\/CAM02354-768x555.jpg 768w, https:\/\/www.camarenahealth.org\/wp-content\/uploads\/2026\/07\/CAM02354-600x434.jpg 600w, https:\/\/www.camarenahealth.org\/wp-content\/uploads\/2026\/07\/CAM02354.jpg 1494w\" sizes=\"(max-width: 1024px) 100vw, 1024px\" \/>\t\t\t\t\t\t\t\t\t\t\t\t\t\t\t<\/div>\n\t\t\t\t<\/div>\n\t\t\t\t<div class=\"elementor-element elementor-element-a21b30f elementor-widget elementor-widget-image\" data-id=\"a21b30f\" data-element_type=\"widget\" data-e-type=\"widget\" data-widget_type=\"image.default\">\n\t\t\t\t<div class=\"elementor-widget-container\">\n\t\t\t\t\t\t\t\t\t\t\t\t\t\t\t<img loading=\"lazy\" decoding=\"async\" width=\"1024\" height=\"759\" src=\"https:\/\/www.camarenahealth.org\/wp-content\/uploads\/2026\/07\/CAM02580-1024x759.jpg\" class=\"attachment-large size-large wp-image-36667\" alt=\"\" srcset=\"https:\/\/www.camarenahealth.org\/wp-content\/uploads\/2026\/07\/CAM02580-1024x759.jpg 1024w, https:\/\/www.camarenahealth.org\/wp-content\/uploads\/2026\/07\/CAM02580-300x222.jpg 300w, https:\/\/www.camarenahealth.org\/wp-content\/uploads\/2026\/07\/CAM02580-768x569.jpg 768w, https:\/\/www.camarenahealth.org\/wp-content\/uploads\/2026\/07\/CAM02580-600x444.jpg 600w, https:\/\/www.camarenahealth.org\/wp-content\/uploads\/2026\/07\/CAM02580.jpg 1458w\" sizes=\"(max-width: 1024px) 100vw, 1024px\" \/>\t\t\t\t\t\t\t\t\t\t\t\t\t\t\t<\/div>\n\t\t\t\t<\/div>\n\t\t\t\t\t<\/div>\n\t\t\t\t<\/div>\n\t\t<div class=\"elementor-element elementor-element-201a1e3 e-flex e-con-boxed e-con e-parent\" data-id=\"201a1e3\" data-element_type=\"container\" data-e-type=\"container\">\n\t\t\t\t\t<div class=\"e-con-inner\">\n\t\t\t\t<div class=\"elementor-element elementor-element-a58d07c elementor-widget elementor-widget-spacer\" data-id=\"a58d07c\" data-element_type=\"widget\" data-e-type=\"widget\" data-widget_type=\"spacer.default\">\n\t\t\t\t<div class=\"elementor-widget-container\">\n\t\t\t\t\t\t\t<div class=\"elementor-spacer\">\n\t\t\t<div class=\"elementor-spacer-inner\"><\/div>\n\t\t<\/div>\n\t\t\t\t\t\t<\/div>\n\t\t\t\t<\/div>\n\t\t\t\t<div class=\"elementor-element elementor-element-0f1824f elementor-blockquote--skin-border elementor-widget elementor-widget-blockquote\" data-id=\"0f1824f\" data-element_type=\"widget\" data-e-type=\"widget\" data-widget_type=\"blockquote.default\">\n\t\t\t\t<div class=\"elementor-widget-container\">\n\t\t\t\t\t\t\t<blockquote class=\"elementor-blockquote\">\n\t\t\t<p class=\"elementor-blockquote__content\">\n\t\t\t\t\u00abNuestra Feria de la Salud y los Recursos tiene como objetivo unir a nuestra comunidad y poner en contacto a las familias con los servicios y el apoyo que necesitan. Fue genial ver a tantas familias venir y disfrutar juntas de una ma\u00f1ana tan enriquecedora\u00bb.\t\t\t<\/p>\n\t\t\t\t\t\t\t<div class=\"e-q-footer\">\n\t\t\t\t\t\t\t\t\t\t\t<cite class=\"elementor-blockquote__author\">Lizette Contreras, Director of Community Development<\/cite>\n\t\t\t\t\t\t\t\t\t\t\t\t\t\t<\/div>\n\t\t\t\t\t<\/blockquote>\n\t\t\t\t\t\t<\/div>\n\t\t\t\t<\/div>\n\t\t\t\t<div class=\"elementor-element elementor-element-af9c322 elementor-widget elementor-widget-spacer\" data-id=\"af9c322\" data-element_type=\"widget\" data-e-type=\"widget\" data-widget_type=\"spacer.default\">\n\t\t\t\t<div class=\"elementor-widget-container\">\n\t\t\t\t\t\t\t<div class=\"elementor-spacer\">\n\t\t\t<div class=\"elementor-spacer-inner\"><\/div>\n\t\t<\/div>\n\t\t\t\t\t\t<\/div>\n\t\t\t\t<\/div>\n\t\t\t\t\t<\/div>\n\t\t\t\t<\/div>\n\t\t<div class=\"elementor-element elementor-element-084c330 e-flex e-con-boxed e-con e-parent\" data-id=\"084c330\" data-element_type=\"container\" data-e-type=\"container\">\n\t\t\t\t\t<div class=\"e-con-inner\">\n\t\t\t\t<div class=\"elementor-element elementor-element-ac8e654 elementor-widget elementor-widget-text-editor\" data-id=\"ac8e654\" data-element_type=\"widget\" data-e-type=\"widget\" data-widget_type=\"text-editor.default\">\n\t\t\t\t<div class=\"elementor-widget-container\">\n\t\t\t\t\t\t\t\t\t<p>El hecho de volver a celebrar este evento por primera vez desde que empez\u00f3 la pandemia de COVID-19 hizo que la ma\u00f1ana fuera especialmente significativa. Ver a las familias, las organizaciones comunitarias, los voluntarios y los miembros del equipo reunidos de nuevo fue un claro recordatorio de lo que se puede conseguir cuando nuestra comunidad se une con un objetivo com\u00fan. <\/p>\t\t\t\t\t\t\t\t<\/div>\n\t\t\t\t<\/div>\n\t\t<div class=\"elementor-element elementor-element-25ad9d9 e-grid e-con-full e-con e-child\" data-id=\"25ad9d9\" data-element_type=\"container\" data-e-type=\"container\">\n\t\t\t\t<div class=\"elementor-element elementor-element-e2afc78 elementor-widget elementor-widget-image\" data-id=\"e2afc78\" data-element_type=\"widget\" data-e-type=\"widget\" data-widget_type=\"image.default\">\n\t\t\t\t<div class=\"elementor-widget-container\">\n\t\t\t\t\t\t\t\t\t\t\t\t\t\t\t<img loading=\"lazy\" decoding=\"async\" width=\"1024\" height=\"684\" src=\"https:\/\/www.camarenahealth.org\/wp-content\/uploads\/2026\/07\/CAM02317-1024x684.jpg\" class=\"attachment-large size-large wp-image-36668\" alt=\"\" srcset=\"https:\/\/www.camarenahealth.org\/wp-content\/uploads\/2026\/07\/CAM02317-1024x684.jpg 1024w, https:\/\/www.camarenahealth.org\/wp-content\/uploads\/2026\/07\/CAM02317-300x200.jpg 300w, https:\/\/www.camarenahealth.org\/wp-content\/uploads\/2026\/07\/CAM02317-768x513.jpg 768w, https:\/\/www.camarenahealth.org\/wp-content\/uploads\/2026\/07\/CAM02317-391x260.jpg 391w, https:\/\/www.camarenahealth.org\/wp-content\/uploads\/2026\/07\/CAM02317-1536x1027.jpg 1536w, https:\/\/www.camarenahealth.org\/wp-content\/uploads\/2026\/07\/CAM02317-600x401.jpg 600w, https:\/\/www.camarenahealth.org\/wp-content\/uploads\/2026\/07\/CAM02317.jpg 1616w\" sizes=\"(max-width: 1024px) 100vw, 1024px\" \/>\t\t\t\t\t\t\t\t\t\t\t\t\t\t\t<\/div>\n\t\t\t\t<\/div>\n\t\t\t\t<div class=\"elementor-element elementor-element-c0842f1 elementor-widget elementor-widget-image\" data-id=\"c0842f1\" data-element_type=\"widget\" data-e-type=\"widget\" data-widget_type=\"image.default\">\n\t\t\t\t<div class=\"elementor-widget-container\">\n\t\t\t\t\t\t\t\t\t\t\t\t\t\t\t<img loading=\"lazy\" decoding=\"async\" width=\"1024\" height=\"684\" src=\"https:\/\/www.camarenahealth.org\/wp-content\/uploads\/2026\/07\/CAM02254-1024x684.jpg\" class=\"attachment-large size-large wp-image-36669\" alt=\"\" srcset=\"https:\/\/www.camarenahealth.org\/wp-content\/uploads\/2026\/07\/CAM02254-1024x684.jpg 1024w, https:\/\/www.camarenahealth.org\/wp-content\/uploads\/2026\/07\/CAM02254-300x200.jpg 300w, https:\/\/www.camarenahealth.org\/wp-content\/uploads\/2026\/07\/CAM02254-768x513.jpg 768w, https:\/\/www.camarenahealth.org\/wp-content\/uploads\/2026\/07\/CAM02254-391x260.jpg 391w, https:\/\/www.camarenahealth.org\/wp-content\/uploads\/2026\/07\/CAM02254-1536x1027.jpg 1536w, https:\/\/www.camarenahealth.org\/wp-content\/uploads\/2026\/07\/CAM02254-600x401.jpg 600w, https:\/\/www.camarenahealth.org\/wp-content\/uploads\/2026\/07\/CAM02254.jpg 1616w\" sizes=\"(max-width: 1024px) 100vw, 1024px\" \/>\t\t\t\t\t\t\t\t\t\t\t\t\t\t\t<\/div>\n\t\t\t\t<\/div>\n\t\t\t\t<div class=\"elementor-element elementor-element-7cd09c0 elementor-widget elementor-widget-image\" data-id=\"7cd09c0\" data-element_type=\"widget\" data-e-type=\"widget\" data-widget_type=\"image.default\">\n\t\t\t\t<div class=\"elementor-widget-container\">\n\t\t\t\t\t\t\t\t\t\t\t\t\t\t\t<img loading=\"lazy\" decoding=\"async\" width=\"1024\" height=\"684\" src=\"https:\/\/www.camarenahealth.org\/wp-content\/uploads\/2026\/07\/CAM02385-1024x684.jpg\" class=\"attachment-large size-large wp-image-36662\" alt=\"\" srcset=\"https:\/\/www.camarenahealth.org\/wp-content\/uploads\/2026\/07\/CAM02385-1024x684.jpg 1024w, https:\/\/www.camarenahealth.org\/wp-content\/uploads\/2026\/07\/CAM02385-300x200.jpg 300w, https:\/\/www.camarenahealth.org\/wp-content\/uploads\/2026\/07\/CAM02385-768x513.jpg 768w, https:\/\/www.camarenahealth.org\/wp-content\/uploads\/2026\/07\/CAM02385-391x260.jpg 391w, https:\/\/www.camarenahealth.org\/wp-content\/uploads\/2026\/07\/CAM02385-1536x1027.jpg 1536w, https:\/\/www.camarenahealth.org\/wp-content\/uploads\/2026\/07\/CAM02385-600x401.jpg 600w, https:\/\/www.camarenahealth.org\/wp-content\/uploads\/2026\/07\/CAM02385.jpg 1616w\" sizes=\"(max-width: 1024px) 100vw, 1024px\" \/>\t\t\t\t\t\t\t\t\t\t\t\t\t\t\t<\/div>\n\t\t\t\t<\/div>\n\t\t\t\t<div class=\"elementor-element elementor-element-c0c28c6 elementor-widget elementor-widget-image\" data-id=\"c0c28c6\" data-element_type=\"widget\" data-e-type=\"widget\" data-widget_type=\"image.default\">\n\t\t\t\t<div class=\"elementor-widget-container\">\n\t\t\t\t\t\t\t\t\t\t\t\t\t\t\t<img loading=\"lazy\" decoding=\"async\" width=\"1024\" height=\"684\" src=\"https:\/\/www.camarenahealth.org\/wp-content\/uploads\/2026\/07\/CAM02326-1024x684.jpg\" class=\"attachment-large size-large wp-image-36670\" alt=\"\" srcset=\"https:\/\/www.camarenahealth.org\/wp-content\/uploads\/2026\/07\/CAM02326-1024x684.jpg 1024w, https:\/\/www.camarenahealth.org\/wp-content\/uploads\/2026\/07\/CAM02326-300x200.jpg 300w, https:\/\/www.camarenahealth.org\/wp-content\/uploads\/2026\/07\/CAM02326-768x513.jpg 768w, https:\/\/www.camarenahealth.org\/wp-content\/uploads\/2026\/07\/CAM02326-391x260.jpg 391w, https:\/\/www.camarenahealth.org\/wp-content\/uploads\/2026\/07\/CAM02326-1536x1027.jpg 1536w, https:\/\/www.camarenahealth.org\/wp-content\/uploads\/2026\/07\/CAM02326-600x401.jpg 600w, https:\/\/www.camarenahealth.org\/wp-content\/uploads\/2026\/07\/CAM02326.jpg 1616w\" sizes=\"(max-width: 1024px) 100vw, 1024px\" \/>\t\t\t\t\t\t\t\t\t\t\t\t\t\t\t<\/div>\n\t\t\t\t<\/div>\n\t\t\t\t<\/div>\n\t\t\t\t\t<\/div>\n\t\t\t\t<\/div>\n\t\t<div class=\"elementor-element elementor-element-2fb798a e-flex e-con-boxed e-con e-parent\" data-id=\"2fb798a\" data-element_type=\"container\" data-e-type=\"container\">\n\t\t\t\t\t<div class=\"e-con-inner\">\n\t\t\t\t<div class=\"elementor-element elementor-element-a8c0bb5 elementor-widget elementor-widget-text-editor\" data-id=\"a8c0bb5\" data-element_type=\"widget\" data-e-type=\"widget\" data-widget_type=\"text-editor.default\">\n\t\t\t\t<div class=\"elementor-widget-container\">\n\t\t\t\t\t\t\t\t\t<p>Este evento fue algo m\u00e1s que una ma\u00f1ana de regalos y actividades; fue una muestra m\u00e1s del compromiso constante de Camarena Health con la salud y el bienestar de las comunidades a las que atendemos.<\/p>\t\t\t\t\t\t\t\t<\/div>\n\t\t\t\t<\/div>\n\t\t\t\t\t<\/div>\n\t\t\t\t<\/div>\n\t\t\t\t<\/div>\n\t\t","protected":false},"excerpt":{"rendered":"<p>La Feria de Salud y Recursos Comunitarios de 2026 re\u00fane a cientos de personas Despu\u00e9s de m\u00e1s de cinco a\u00f1os, Camarena Health se enorgulleci\u00f3 de volver a celebrar su Feria de Salud y Recursos Comunitarios, y la comunidad acudi\u00f3 en masa. Cientos de vecinos se unieron a nosotros el 16 de julio para pasar una&hellip;<\/p>\n","protected":false},"author":100,"featured_media":36663,"comment_status":"open","ping_status":"open","sticky":false,"template":"","format":"standard","meta":{"footnotes":""},"categories":[178],"tags":[207,196,198,179,200],"class_list":["post-36661","post","type-post","status-publish","format-standard","has-post-thumbnail","hentry","category-comunidad","tag-comunidad","tag-madera-es","tag-nhcw-es","tag-salud-de-camarena","tag-semana-nacional-de-los-centros-de-salud"],"yoast_head":"<!-- This site is optimized with the Yoast SEO plugin v28.2 - https:\/\/yoast.com\/product\/yoast-seo-wordpress\/ -->\n<title>Las comunidades m\u00e1s fuertes empiezan aqu\u00ed - Camarena Health<\/title>\n<meta name=\"description\" content=\"Despu\u00e9s de m\u00e1s de cinco a\u00f1os, Camarena Health se enorgulleci\u00f3 de volver a celebrar su Feria de Salud y Recursos Comunitarios, y la comunidad acudi\u00f3 en masa.\" \/>\n<meta name=\"robots\" content=\"index, follow, max-snippet:-1, max-image-preview:large, max-video-preview:-1\" \/>\n<link rel=\"canonical\" href=\"https:\/\/www.camarenahealth.org\/es\/las-comunidades-mas-fuertes-empiezan-aqui\/\" \/>\n<meta property=\"og:locale\" content=\"es_ES\" \/>\n<meta property=\"og:type\" content=\"article\" \/>\n<meta property=\"og:title\" content=\"Las comunidades m\u00e1s fuertes empiezan aqu\u00ed - Camarena Health\" \/>\n<meta property=\"og:description\" content=\"Despu\u00e9s de m\u00e1s de cinco a\u00f1os, Camarena Health se enorgulleci\u00f3 de volver a celebrar su Feria de Salud y Recursos Comunitarios, y la comunidad acudi\u00f3 en masa.\" \/>\n<meta property=\"og:url\" content=\"https:\/\/www.camarenahealth.org\/es\/las-comunidades-mas-fuertes-empiezan-aqui\/\" \/>\n<meta property=\"og:site_name\" content=\"Camarena Health\" \/>\n<meta property=\"article:published_time\" content=\"2026-07-21T18:10:51+00:00\" \/>\n<meta property=\"article:modified_time\" content=\"2026-07-21T20:31:36+00:00\" \/>\n<meta property=\"og:image\" content=\"https:\/\/www.camarenahealth.org\/wp-content\/uploads\/2026\/07\/2.jpg\" \/>\n\t<meta property=\"og:image:width\" content=\"1200\" \/>\n\t<meta property=\"og:image:height\" content=\"630\" \/>\n\t<meta property=\"og:image:type\" content=\"image\/jpeg\" \/>\n<meta name=\"author\" content=\"Arthur Zaragoza\" \/>\n<meta name=\"twitter:card\" content=\"summary_large_image\" \/>\n<meta name=\"twitter:label1\" content=\"Escrito por\" \/>\n\t<meta name=\"twitter:data1\" content=\"Arthur Zaragoza\" \/>\n\t<meta name=\"twitter:label2\" content=\"Tiempo de lectura\" \/>\n\t<meta name=\"twitter:data2\" content=\"1 minuto\" \/>\n<script type=\"application\/ld+json\" class=\"yoast-schema-graph\">{\"@context\":\"https:\\\/\\\/schema.org\",\"@graph\":[{\"@type\":\"Article\",\"@id\":\"https:\\\/\\\/www.camarenahealth.org\\\/es\\\/las-comunidades-mas-fuertes-empiezan-aqui\\\/#article\",\"isPartOf\":{\"@id\":\"https:\\\/\\\/www.camarenahealth.org\\\/es\\\/las-comunidades-mas-fuertes-empiezan-aqui\\\/\"},\"author\":{\"name\":\"Arthur Zaragoza\",\"@id\":\"https:\\\/\\\/www.camarenahealth.org\\\/es\\\/#\\\/schema\\\/person\\\/6d99e88f5e6d30a40f43d9effef9885e\"},\"headline\":\"Las comunidades m\u00e1s fuertes empiezan aqu\u00ed\",\"datePublished\":\"2026-07-21T18:10:51+00:00\",\"dateModified\":\"2026-07-21T20:31:36+00:00\",\"mainEntityOfPage\":{\"@id\":\"https:\\\/\\\/www.camarenahealth.org\\\/es\\\/las-comunidades-mas-fuertes-empiezan-aqui\\\/\"},\"wordCount\":306,\"commentCount\":0,\"publisher\":{\"@id\":\"https:\\\/\\\/www.camarenahealth.org\\\/es\\\/#organization\"},\"image\":{\"@id\":\"https:\\\/\\\/www.camarenahealth.org\\\/es\\\/las-comunidades-mas-fuertes-empiezan-aqui\\\/#primaryimage\"},\"thumbnailUrl\":\"https:\\\/\\\/www.camarenahealth.org\\\/wp-content\\\/uploads\\\/2026\\\/07\\\/2.jpg\",\"keywords\":[\"Comunidad\",\"madera\",\"nhcw\",\"salud de camarena\",\"semana nacional de los centros de salud\"],\"articleSection\":[\"Comunidad\"],\"inLanguage\":\"es\",\"potentialAction\":[{\"@type\":\"CommentAction\",\"name\":\"Comment\",\"target\":[\"https:\\\/\\\/www.camarenahealth.org\\\/es\\\/las-comunidades-mas-fuertes-empiezan-aqui\\\/#respond\"]}]},{\"@type\":\"WebPage\",\"@id\":\"https:\\\/\\\/www.camarenahealth.org\\\/es\\\/las-comunidades-mas-fuertes-empiezan-aqui\\\/\",\"url\":\"https:\\\/\\\/www.camarenahealth.org\\\/es\\\/las-comunidades-mas-fuertes-empiezan-aqui\\\/\",\"name\":\"Las comunidades m\u00e1s fuertes empiezan aqu\u00ed - Camarena Health\",\"isPartOf\":{\"@id\":\"https:\\\/\\\/www.camarenahealth.org\\\/es\\\/#website\"},\"primaryImageOfPage\":{\"@id\":\"https:\\\/\\\/www.camarenahealth.org\\\/es\\\/las-comunidades-mas-fuertes-empiezan-aqui\\\/#primaryimage\"},\"image\":{\"@id\":\"https:\\\/\\\/www.camarenahealth.org\\\/es\\\/las-comunidades-mas-fuertes-empiezan-aqui\\\/#primaryimage\"},\"thumbnailUrl\":\"https:\\\/\\\/www.camarenahealth.org\\\/wp-content\\\/uploads\\\/2026\\\/07\\\/2.jpg\",\"datePublished\":\"2026-07-21T18:10:51+00:00\",\"dateModified\":\"2026-07-21T20:31:36+00:00\",\"description\":\"Despu\u00e9s de m\u00e1s de cinco a\u00f1os, Camarena Health se enorgulleci\u00f3 de volver a celebrar su Feria de Salud y Recursos Comunitarios, y la comunidad acudi\u00f3 en masa.\",\"breadcrumb\":{\"@id\":\"https:\\\/\\\/www.camarenahealth.org\\\/es\\\/las-comunidades-mas-fuertes-empiezan-aqui\\\/#breadcrumb\"},\"inLanguage\":\"es\",\"potentialAction\":[{\"@type\":\"ReadAction\",\"target\":[\"https:\\\/\\\/www.camarenahealth.org\\\/es\\\/las-comunidades-mas-fuertes-empiezan-aqui\\\/\"]}]},{\"@type\":\"ImageObject\",\"inLanguage\":\"es\",\"@id\":\"https:\\\/\\\/www.camarenahealth.org\\\/es\\\/las-comunidades-mas-fuertes-empiezan-aqui\\\/#primaryimage\",\"url\":\"https:\\\/\\\/www.camarenahealth.org\\\/wp-content\\\/uploads\\\/2026\\\/07\\\/2.jpg\",\"contentUrl\":\"https:\\\/\\\/www.camarenahealth.org\\\/wp-content\\\/uploads\\\/2026\\\/07\\\/2.jpg\",\"width\":1200,\"height\":630},{\"@type\":\"BreadcrumbList\",\"@id\":\"https:\\\/\\\/www.camarenahealth.org\\\/es\\\/las-comunidades-mas-fuertes-empiezan-aqui\\\/#breadcrumb\",\"itemListElement\":[{\"@type\":\"ListItem\",\"position\":1,\"name\":\"Home\",\"item\":\"https:\\\/\\\/www.camarenahealth.org\\\/es\\\/\"},{\"@type\":\"ListItem\",\"position\":2,\"name\":\"Las comunidades m\u00e1s fuertes empiezan aqu\u00ed\"}]},{\"@type\":\"WebSite\",\"@id\":\"https:\\\/\\\/www.camarenahealth.org\\\/es\\\/#website\",\"url\":\"https:\\\/\\\/www.camarenahealth.org\\\/es\\\/\",\"name\":\"Camarena Health\",\"description\":\"We Are Community. We Are Family. We Are Health.\",\"publisher\":{\"@id\":\"https:\\\/\\\/www.camarenahealth.org\\\/es\\\/#organization\"},\"potentialAction\":[{\"@type\":\"SearchAction\",\"target\":{\"@type\":\"EntryPoint\",\"urlTemplate\":\"https:\\\/\\\/www.camarenahealth.org\\\/es\\\/?s={search_term_string}\"},\"query-input\":{\"@type\":\"PropertyValueSpecification\",\"valueRequired\":true,\"valueName\":\"search_term_string\"}}],\"inLanguage\":\"es\"},{\"@type\":\"Organization\",\"@id\":\"https:\\\/\\\/www.camarenahealth.org\\\/es\\\/#organization\",\"name\":\"Camarena Health\",\"url\":\"https:\\\/\\\/www.camarenahealth.org\\\/es\\\/\",\"logo\":{\"@type\":\"ImageObject\",\"inLanguage\":\"es\",\"@id\":\"https:\\\/\\\/www.camarenahealth.org\\\/es\\\/#\\\/schema\\\/logo\\\/image\\\/\",\"url\":\"https:\\\/\\\/www.camarenahealth.org\\\/wp-content\\\/uploads\\\/2021\\\/12\\\/Camarena-Health_2022-Logo.svg\",\"contentUrl\":\"https:\\\/\\\/www.camarenahealth.org\\\/wp-content\\\/uploads\\\/2021\\\/12\\\/Camarena-Health_2022-Logo.svg\",\"width\":1920,\"height\":382,\"caption\":\"Camarena Health\"},\"image\":{\"@id\":\"https:\\\/\\\/www.camarenahealth.org\\\/es\\\/#\\\/schema\\\/logo\\\/image\\\/\"}},{\"@type\":\"Person\",\"@id\":\"https:\\\/\\\/www.camarenahealth.org\\\/es\\\/#\\\/schema\\\/person\\\/6d99e88f5e6d30a40f43d9effef9885e\",\"name\":\"Arthur Zaragoza\",\"image\":{\"@type\":\"ImageObject\",\"inLanguage\":\"es\",\"@id\":\"https:\\\/\\\/secure.gravatar.com\\\/avatar\\\/26abd24b4d68a0663db4e601cc7fc1ffdb34b72a23f900ef5cac76bad06d0e33?s=96&d=mm&r=g\",\"url\":\"https:\\\/\\\/secure.gravatar.com\\\/avatar\\\/26abd24b4d68a0663db4e601cc7fc1ffdb34b72a23f900ef5cac76bad06d0e33?s=96&d=mm&r=g\",\"contentUrl\":\"https:\\\/\\\/secure.gravatar.com\\\/avatar\\\/26abd24b4d68a0663db4e601cc7fc1ffdb34b72a23f900ef5cac76bad06d0e33?s=96&d=mm&r=g\",\"caption\":\"Arthur Zaragoza\"},\"url\":\"https:\\\/\\\/www.camarenahealth.org\\\/es\\\/author\\\/azaragozacamarenahealth-org\\\/\"}]}<\/script>\n<!-- \/ Yoast SEO plugin. -->","yoast_head_json":{"title":"Las comunidades m\u00e1s fuertes empiezan aqu\u00ed - Camarena Health","description":"Despu\u00e9s de m\u00e1s de cinco a\u00f1os, Camarena Health se enorgulleci\u00f3 de volver a celebrar su Feria de Salud y Recursos Comunitarios, y la comunidad acudi\u00f3 en masa.","robots":{"index":"index","follow":"follow","max-snippet":"max-snippet:-1","max-image-preview":"max-image-preview:large","max-video-preview":"max-video-preview:-1"},"canonical":"https:\/\/www.camarenahealth.org\/es\/las-comunidades-mas-fuertes-empiezan-aqui\/","og_locale":"es_ES","og_type":"article","og_title":"Las comunidades m\u00e1s fuertes empiezan aqu\u00ed - Camarena Health","og_description":"Despu\u00e9s de m\u00e1s de cinco a\u00f1os, Camarena Health se enorgulleci\u00f3 de volver a celebrar su Feria de Salud y Recursos Comunitarios, y la comunidad acudi\u00f3 en masa.","og_url":"https:\/\/www.camarenahealth.org\/es\/las-comunidades-mas-fuertes-empiezan-aqui\/","og_site_name":"Camarena Health","article_published_time":"2026-07-21T18:10:51+00:00","article_modified_time":"2026-07-21T20:31:36+00:00","og_image":[{"width":1200,"height":630,"url":"https:\/\/www.camarenahealth.org\/wp-content\/uploads\/2026\/07\/2.jpg","type":"image\/jpeg"}],"author":"Arthur Zaragoza","twitter_card":"summary_large_image","twitter_misc":{"Escrito por":"Arthur Zaragoza","Tiempo de lectura":"1 minuto"},"schema":{"@context":"https:\/\/schema.org","@graph":[{"@type":"Article","@id":"https:\/\/www.camarenahealth.org\/es\/las-comunidades-mas-fuertes-empiezan-aqui\/#article","isPartOf":{"@id":"https:\/\/www.camarenahealth.org\/es\/las-comunidades-mas-fuertes-empiezan-aqui\/"},"author":{"name":"Arthur Zaragoza","@id":"https:\/\/www.camarenahealth.org\/es\/#\/schema\/person\/6d99e88f5e6d30a40f43d9effef9885e"},"headline":"Las comunidades m\u00e1s fuertes empiezan aqu\u00ed","datePublished":"2026-07-21T18:10:51+00:00","dateModified":"2026-07-21T20:31:36+00:00","mainEntityOfPage":{"@id":"https:\/\/www.camarenahealth.org\/es\/las-comunidades-mas-fuertes-empiezan-aqui\/"},"wordCount":306,"commentCount":0,"publisher":{"@id":"https:\/\/www.camarenahealth.org\/es\/#organization"},"image":{"@id":"https:\/\/www.camarenahealth.org\/es\/las-comunidades-mas-fuertes-empiezan-aqui\/#primaryimage"},"thumbnailUrl":"https:\/\/www.camarenahealth.org\/wp-content\/uploads\/2026\/07\/2.jpg","keywords":["Comunidad","madera","nhcw","salud de camarena","semana nacional de los centros de salud"],"articleSection":["Comunidad"],"inLanguage":"es","potentialAction":[{"@type":"CommentAction","name":"Comment","target":["https:\/\/www.camarenahealth.org\/es\/las-comunidades-mas-fuertes-empiezan-aqui\/#respond"]}]},{"@type":"WebPage","@id":"https:\/\/www.camarenahealth.org\/es\/las-comunidades-mas-fuertes-empiezan-aqui\/","url":"https:\/\/www.camarenahealth.org\/es\/las-comunidades-mas-fuertes-empiezan-aqui\/","name":"Las comunidades m\u00e1s fuertes empiezan aqu\u00ed - Camarena Health","isPartOf":{"@id":"https:\/\/www.camarenahealth.org\/es\/#website"},"primaryImageOfPage":{"@id":"https:\/\/www.camarenahealth.org\/es\/las-comunidades-mas-fuertes-empiezan-aqui\/#primaryimage"},"image":{"@id":"https:\/\/www.camarenahealth.org\/es\/las-comunidades-mas-fuertes-empiezan-aqui\/#primaryimage"},"thumbnailUrl":"https:\/\/www.camarenahealth.org\/wp-content\/uploads\/2026\/07\/2.jpg","datePublished":"2026-07-21T18:10:51+00:00","dateModified":"2026-07-21T20:31:36+00:00","description":"Despu\u00e9s de m\u00e1s de cinco a\u00f1os, Camarena Health se enorgulleci\u00f3 de volver a celebrar su Feria de Salud y Recursos Comunitarios, y la comunidad acudi\u00f3 en masa.","breadcrumb":{"@id":"https:\/\/www.camarenahealth.org\/es\/las-comunidades-mas-fuertes-empiezan-aqui\/#breadcrumb"},"inLanguage":"es","potentialAction":[{"@type":"ReadAction","target":["https:\/\/www.camarenahealth.org\/es\/las-comunidades-mas-fuertes-empiezan-aqui\/"]}]},{"@type":"ImageObject","inLanguage":"es","@id":"https:\/\/www.camarenahealth.org\/es\/las-comunidades-mas-fuertes-empiezan-aqui\/#primaryimage","url":"https:\/\/www.camarenahealth.org\/wp-content\/uploads\/2026\/07\/2.jpg","contentUrl":"https:\/\/www.camarenahealth.org\/wp-content\/uploads\/2026\/07\/2.jpg","width":1200,"height":630},{"@type":"BreadcrumbList","@id":"https:\/\/www.camarenahealth.org\/es\/las-comunidades-mas-fuertes-empiezan-aqui\/#breadcrumb","itemListElement":[{"@type":"ListItem","position":1,"name":"Home","item":"https:\/\/www.camarenahealth.org\/es\/"},{"@type":"ListItem","position":2,"name":"Las comunidades m\u00e1s fuertes empiezan aqu\u00ed"}]},{"@type":"WebSite","@id":"https:\/\/www.camarenahealth.org\/es\/#website","url":"https:\/\/www.camarenahealth.org\/es\/","name":"Camarena Health","description":"We Are Community. We Are Family. We Are Health.","publisher":{"@id":"https:\/\/www.camarenahealth.org\/es\/#organization"},"potentialAction":[{"@type":"SearchAction","target":{"@type":"EntryPoint","urlTemplate":"https:\/\/www.camarenahealth.org\/es\/?s={search_term_string}"},"query-input":{"@type":"PropertyValueSpecification","valueRequired":true,"valueName":"search_term_string"}}],"inLanguage":"es"},{"@type":"Organization","@id":"https:\/\/www.camarenahealth.org\/es\/#organization","name":"Camarena Health","url":"https:\/\/www.camarenahealth.org\/es\/","logo":{"@type":"ImageObject","inLanguage":"es","@id":"https:\/\/www.camarenahealth.org\/es\/#\/schema\/logo\/image\/","url":"https:\/\/www.camarenahealth.org\/wp-content\/uploads\/2021\/12\/Camarena-Health_2022-Logo.svg","contentUrl":"https:\/\/www.camarenahealth.org\/wp-content\/uploads\/2021\/12\/Camarena-Health_2022-Logo.svg","width":1920,"height":382,"caption":"Camarena Health"},"image":{"@id":"https:\/\/www.camarenahealth.org\/es\/#\/schema\/logo\/image\/"}},{"@type":"Person","@id":"https:\/\/www.camarenahealth.org\/es\/#\/schema\/person\/6d99e88f5e6d30a40f43d9effef9885e","name":"Arthur Zaragoza","image":{"@type":"ImageObject","inLanguage":"es","@id":"https:\/\/secure.gravatar.com\/avatar\/26abd24b4d68a0663db4e601cc7fc1ffdb34b72a23f900ef5cac76bad06d0e33?s=96&d=mm&r=g","url":"https:\/\/secure.gravatar.com\/avatar\/26abd24b4d68a0663db4e601cc7fc1ffdb34b72a23f900ef5cac76bad06d0e33?s=96&d=mm&r=g","contentUrl":"https:\/\/secure.gravatar.com\/avatar\/26abd24b4d68a0663db4e601cc7fc1ffdb34b72a23f900ef5cac76bad06d0e33?s=96&d=mm&r=g","caption":"Arthur Zaragoza"},"url":"https:\/\/www.camarenahealth.org\/es\/author\/azaragozacamarenahealth-org\/"}]}},"_links":{"self":[{"href":"https:\/\/www.camarenahealth.org\/es\/wp-json\/wp\/v2\/posts\/36661","targetHints":{"allow":["GET"]}}],"collection":[{"href":"https:\/\/www.camarenahealth.org\/es\/wp-json\/wp\/v2\/posts"}],"about":[{"href":"https:\/\/www.camarenahealth.org\/es\/wp-json\/wp\/v2\/types\/post"}],"author":[{"embeddable":true,"href":"https:\/\/www.camarenahealth.org\/es\/wp-json\/wp\/v2\/users\/100"}],"replies":[{"embeddable":true,"href":"https:\/\/www.camarenahealth.org\/es\/wp-json\/wp\/v2\/comments?post=36661"}],"version-history":[{"count":0,"href":"https:\/\/www.camarenahealth.org\/es\/wp-json\/wp\/v2\/posts\/36661\/revisions"}],"wp:featuredmedia":[{"embeddable":true,"href":"https:\/\/www.camarenahealth.org\/es\/wp-json\/wp\/v2\/media\/36663"}],"wp:attachment":[{"href":"https:\/\/www.camarenahealth.org\/es\/wp-json\/wp\/v2\/media?parent=36661"}],"wp:term":[{"taxonomy":"category","embeddable":true,"href":"https:\/\/www.camarenahealth.org\/es\/wp-json\/wp\/v2\/categories?post=36661"},{"taxonomy":"post_tag","embeddable":true,"href":"https:\/\/www.camarenahealth.org\/es\/wp-json\/wp\/v2\/tags?post=36661"}],"curies":[{"name":"wp","href":"https:\/\/api.w.org\/{rel}","templated":true}]}}