{"id":36889,"date":"2026-08-31T13:30:01","date_gmt":"2026-08-31T20:30:01","guid":{"rendered":"https:\/\/www.camarenahealth.org\/ver-a-la-persona-en-su-totalidad\/"},"modified":"2026-08-31T16:36:44","modified_gmt":"2026-08-31T23:36:44","slug":"ver-a-la-persona-en-su-totalidad","status":"publish","type":"post","link":"https:\/\/www.camarenahealth.org\/es\/ver-a-la-persona-en-su-totalidad\/","title":{"rendered":"Ver a la persona en su totalidad"},"content":{"rendered":"\t\t<div data-elementor-type=\"wp-post\" data-elementor-id=\"36889\" class=\"elementor elementor-36889 elementor-36882\" data-elementor-post-type=\"post\">\n\t\t\t\t<div class=\"elementor-element elementor-element-73ef062 e-flex e-con-boxed e-con e-parent\" data-id=\"73ef062\" data-element_type=\"container\" data-e-type=\"container\">\n\t\t\t\t\t<div class=\"e-con-inner\">\n\t\t\t\t<div class=\"elementor-element elementor-element-f5c3812 elementor-widget elementor-widget-text-editor\" data-id=\"f5c3812\" data-element_type=\"widget\" data-e-type=\"widget\" data-widget_type=\"text-editor.default\">\n\t\t\t\t<div class=\"elementor-widget-container\">\n\t\t\t\t\t\t\t\t\t<p class=\"isSelectedEnd\">La salud bucodental es una parte importante del bienestar general. Por eso, Camarena Health est\u00e1 acercando la atenci\u00f3n m\u00e9dica y la dental a trav\u00e9s de una nueva iniciativa de revisi\u00f3n bucodental. <\/p><p>Durante una visita m\u00e9dica, el personal cl\u00ednico cualificado toma im\u00e1genes de la boca del paciente para que un profesional dental las revise de forma segura. Si se detecta alg\u00fan problema, el equipo dental se encarga del seguimiento y ayuda al paciente a acceder a la atenci\u00f3n que necesita. <\/p>\t\t\t\t\t\t\t\t<\/div>\n\t\t\t\t<\/div>\n\t\t\t\t\t<\/div>\n\t\t\t\t<\/div>\n\t\t<div class=\"elementor-element elementor-element-1f7a968 e-flex e-con-boxed e-con e-parent\" data-id=\"1f7a968\" data-element_type=\"container\" data-e-type=\"container\">\n\t\t\t\t\t<div class=\"e-con-inner\">\n\t\t\t\t<div class=\"elementor-element elementor-element-5913783 elementor-widget elementor-widget-heading\" data-id=\"5913783\" data-element_type=\"widget\" data-e-type=\"widget\" data-widget_type=\"heading.default\">\n\t\t\t\t<div class=\"elementor-widget-container\">\n\t\t\t\t\t<h5 class=\"elementor-heading-title elementor-size-default\">Mira el v\u00eddeo de abajo para ver c\u00f3mo funciona el proceso de revisi\u00f3n de salud bucodental de principio a fin.<\/h5>\t\t\t\t<\/div>\n\t\t\t\t<\/div>\n\t\t\t\t\t<\/div>\n\t\t\t\t<\/div>\n\t\t<div class=\"elementor-element elementor-element-48bd13e e-flex e-con-boxed e-con e-parent\" data-id=\"48bd13e\" data-element_type=\"container\" data-e-type=\"container\">\n\t\t\t\t\t<div class=\"e-con-inner\">\n\t\t\t\t<div class=\"elementor-element elementor-element-ba513d5 elementor-widget elementor-widget-video\" data-id=\"ba513d5\" data-element_type=\"widget\" data-e-type=\"widget\" data-settings=\"{&quot;youtube_url&quot;:&quot;https:\\\/\\\/youtu.be\\\/MkezQ6EhOmI&quot;,&quot;video_type&quot;:&quot;youtube&quot;,&quot;controls&quot;:&quot;yes&quot;}\" data-widget_type=\"video.default\">\n\t\t\t\t<div class=\"elementor-widget-container\">\n\t\t\t\t\t\t\t<div class=\"elementor-wrapper elementor-open-inline\">\n\t\t\t<div class=\"elementor-video\"><\/div>\t\t<\/div>\n\t\t\t\t\t\t<\/div>\n\t\t\t\t<\/div>\n\t\t\t\t\t<\/div>\n\t\t\t\t<\/div>\n\t\t<div class=\"elementor-element elementor-element-5253b1e e-flex e-con-boxed e-con e-parent\" data-id=\"5253b1e\" data-element_type=\"container\" data-e-type=\"container\">\n\t\t\t\t\t<div class=\"e-con-inner\">\n\t\t\t\t<div class=\"elementor-element elementor-element-41e3bdf elementor-widget elementor-widget-text-editor\" data-id=\"41e3bdf\" data-element_type=\"widget\" data-e-type=\"widget\" data-widget_type=\"text-editor.default\">\n\t\t\t\t<div class=\"elementor-widget-container\">\n\t\t\t\t\t\t\t\t\t<p class=\"isSelectedEnd\">Estas revisiones ya han ayudado a detectar caries sin tratar, enfermedades de las enc\u00edas, infecciones e incluso signos tempranos de c\u00e1ncer oral en pacientes que no hab\u00edan ido al dentista recientemente.<\/p><p class=\"isSelectedEnd\">Si trabajan juntos, los equipos m\u00e9dicos y dentales pueden detectar los problemas antes y ofrecer una atenci\u00f3n m\u00e1s completa y coordinada.<\/p>\t\t\t\t\t\t\t\t<\/div>\n\t\t\t\t<\/div>\n\t\t\t\t<div class=\"elementor-element elementor-element-7b1e5b8 elementor-blockquote--skin-border elementor-widget elementor-widget-blockquote\" data-id=\"7b1e5b8\" data-element_type=\"widget\" data-e-type=\"widget\" data-widget_type=\"blockquote.default\">\n\t\t\t\t<div class=\"elementor-widget-container\">\n\t\t\t\t\t\t\t<blockquote class=\"elementor-blockquote\">\n\t\t\t<p class=\"elementor-blockquote__content\">\n\t\t\t\tPorque cuidar de la persona en su totalidad significa tener una visi\u00f3n global.\t\t\t<\/p>\n\t\t\t\t\t<\/blockquote>\n\t\t\t\t\t\t<\/div>\n\t\t\t\t<\/div>\n\t\t\t\t\t<\/div>\n\t\t\t\t<\/div>\n\t\t\t\t<\/div>\n\t\t","protected":false},"excerpt":{"rendered":"<p>La salud bucodental es una parte importante del bienestar general. Por eso, Camarena Health est\u00e1 acercando la atenci\u00f3n m\u00e9dica y la dental a trav\u00e9s de una nueva iniciativa de revisi\u00f3n bucodental. Durante una visita m\u00e9dica, el personal cl\u00ednico cualificado toma im\u00e1genes de la boca del paciente para que un profesional dental las revise de forma&hellip;<\/p>\n","protected":false},"author":100,"featured_media":36890,"comment_status":"open","ping_status":"open","sticky":false,"template":"","format":"standard","meta":{"footnotes":""},"categories":[191],"tags":[458,457,179,184],"class_list":["post-36889","post","type-post","status-publish","format-standard","has-post-thumbnail","hentry","category-atencion-sanitaria","tag-atencion-medica","tag-salud-bucodental","tag-salud-de-camarena","tag-sanidad"],"yoast_head":"<!-- This site is optimized with the Yoast SEO plugin v28.2 - https:\/\/yoast.com\/product\/yoast-seo-wordpress\/ -->\n<title>Ver a la persona en su totalidad - Camarena Health<\/title>\n<meta name=\"description\" content=\"La salud bucodental es una parte importante del bienestar general. Por eso, Camarena Health est\u00e1 acercando la atenci\u00f3n m\u00e9dica y la dental a trav\u00e9s de una nueva iniciativa de revisi\u00f3n bucodental.\" \/>\n<meta name=\"robots\" content=\"index, follow, max-snippet:-1, max-image-preview:large, max-video-preview:-1\" \/>\n<link rel=\"canonical\" href=\"https:\/\/www.camarenahealth.org\/es\/ver-a-la-persona-en-su-totalidad\/\" \/>\n<meta property=\"og:locale\" content=\"es_ES\" \/>\n<meta property=\"og:type\" content=\"article\" \/>\n<meta property=\"og:title\" content=\"Ver a la persona en su totalidad - Camarena Health\" \/>\n<meta property=\"og:description\" content=\"La salud bucodental es una parte importante del bienestar general. Por eso, Camarena Health est\u00e1 acercando la atenci\u00f3n m\u00e9dica y la dental a trav\u00e9s de una nueva iniciativa de revisi\u00f3n bucodental.\" \/>\n<meta property=\"og:url\" content=\"https:\/\/www.camarenahealth.org\/es\/ver-a-la-persona-en-su-totalidad\/\" \/>\n<meta property=\"og:site_name\" content=\"Camarena Health\" \/>\n<meta property=\"article:published_time\" content=\"2026-08-31T20:30:01+00:00\" \/>\n<meta property=\"article:modified_time\" content=\"2026-08-31T23:36:44+00:00\" \/>\n<meta property=\"og:image\" content=\"https:\/\/www.camarenahealth.org\/wp-content\/uploads\/2026\/08\/Annual-Report_Seeing-the-Whole-Person_Blog-scaled.jpg\" \/>\n\t<meta property=\"og:image:width\" content=\"1800\" \/>\n\t<meta property=\"og:image:height\" content=\"946\" \/>\n\t<meta property=\"og:image:type\" content=\"image\/jpeg\" \/>\n<meta name=\"author\" content=\"Arthur Zaragoza\" \/>\n<meta name=\"twitter:card\" content=\"summary_large_image\" \/>\n<meta name=\"twitter:label1\" content=\"Escrito por\" \/>\n\t<meta name=\"twitter:data1\" content=\"Arthur Zaragoza\" \/>\n\t<meta name=\"twitter:label2\" content=\"Tiempo de lectura\" \/>\n\t<meta name=\"twitter:data2\" content=\"1 minuto\" \/>\n<script type=\"application\/ld+json\" class=\"yoast-schema-graph\">{\"@context\":\"https:\\\/\\\/schema.org\",\"@graph\":[{\"@type\":\"Article\",\"@id\":\"https:\\\/\\\/www.camarenahealth.org\\\/es\\\/ver-a-la-persona-en-su-totalidad\\\/#article\",\"isPartOf\":{\"@id\":\"https:\\\/\\\/www.camarenahealth.org\\\/es\\\/ver-a-la-persona-en-su-totalidad\\\/\"},\"author\":{\"name\":\"Arthur Zaragoza\",\"@id\":\"https:\\\/\\\/www.camarenahealth.org\\\/es\\\/#\\\/schema\\\/person\\\/6d99e88f5e6d30a40f43d9effef9885e\"},\"headline\":\"Ver a la persona en su totalidad\",\"datePublished\":\"2026-08-31T20:30:01+00:00\",\"dateModified\":\"2026-08-31T23:36:44+00:00\",\"mainEntityOfPage\":{\"@id\":\"https:\\\/\\\/www.camarenahealth.org\\\/es\\\/ver-a-la-persona-en-su-totalidad\\\/\"},\"wordCount\":194,\"commentCount\":0,\"publisher\":{\"@id\":\"https:\\\/\\\/www.camarenahealth.org\\\/es\\\/#organization\"},\"image\":{\"@id\":\"https:\\\/\\\/www.camarenahealth.org\\\/es\\\/ver-a-la-persona-en-su-totalidad\\\/#primaryimage\"},\"thumbnailUrl\":\"https:\\\/\\\/www.camarenahealth.org\\\/wp-content\\\/uploads\\\/2026\\\/08\\\/Annual-Report_Seeing-the-Whole-Person_Blog-scaled.jpg\",\"keywords\":[\"Atenci\u00f3n m\u00e9dica\",\"Salud bucodental\",\"salud de camarena\",\"Sanidad\"],\"articleSection\":[\"Atenci\u00f3n sanitaria\"],\"inLanguage\":\"es\",\"potentialAction\":[{\"@type\":\"CommentAction\",\"name\":\"Comment\",\"target\":[\"https:\\\/\\\/www.camarenahealth.org\\\/es\\\/ver-a-la-persona-en-su-totalidad\\\/#respond\"]}]},{\"@type\":\"WebPage\",\"@id\":\"https:\\\/\\\/www.camarenahealth.org\\\/es\\\/ver-a-la-persona-en-su-totalidad\\\/\",\"url\":\"https:\\\/\\\/www.camarenahealth.org\\\/es\\\/ver-a-la-persona-en-su-totalidad\\\/\",\"name\":\"Ver a la persona en su totalidad - Camarena Health\",\"isPartOf\":{\"@id\":\"https:\\\/\\\/www.camarenahealth.org\\\/es\\\/#website\"},\"primaryImageOfPage\":{\"@id\":\"https:\\\/\\\/www.camarenahealth.org\\\/es\\\/ver-a-la-persona-en-su-totalidad\\\/#primaryimage\"},\"image\":{\"@id\":\"https:\\\/\\\/www.camarenahealth.org\\\/es\\\/ver-a-la-persona-en-su-totalidad\\\/#primaryimage\"},\"thumbnailUrl\":\"https:\\\/\\\/www.camarenahealth.org\\\/wp-content\\\/uploads\\\/2026\\\/08\\\/Annual-Report_Seeing-the-Whole-Person_Blog-scaled.jpg\",\"datePublished\":\"2026-08-31T20:30:01+00:00\",\"dateModified\":\"2026-08-31T23:36:44+00:00\",\"description\":\"La salud bucodental es una parte importante del bienestar general. Por eso, Camarena Health est\u00e1 acercando la atenci\u00f3n m\u00e9dica y la dental a trav\u00e9s de una nueva iniciativa de revisi\u00f3n bucodental.\",\"breadcrumb\":{\"@id\":\"https:\\\/\\\/www.camarenahealth.org\\\/es\\\/ver-a-la-persona-en-su-totalidad\\\/#breadcrumb\"},\"inLanguage\":\"es\",\"potentialAction\":[{\"@type\":\"ReadAction\",\"target\":[\"https:\\\/\\\/www.camarenahealth.org\\\/es\\\/ver-a-la-persona-en-su-totalidad\\\/\"]}]},{\"@type\":\"ImageObject\",\"inLanguage\":\"es\",\"@id\":\"https:\\\/\\\/www.camarenahealth.org\\\/es\\\/ver-a-la-persona-en-su-totalidad\\\/#primaryimage\",\"url\":\"https:\\\/\\\/www.camarenahealth.org\\\/wp-content\\\/uploads\\\/2026\\\/08\\\/Annual-Report_Seeing-the-Whole-Person_Blog-scaled.jpg\",\"contentUrl\":\"https:\\\/\\\/www.camarenahealth.org\\\/wp-content\\\/uploads\\\/2026\\\/08\\\/Annual-Report_Seeing-the-Whole-Person_Blog-scaled.jpg\",\"width\":1800,\"height\":946},{\"@type\":\"BreadcrumbList\",\"@id\":\"https:\\\/\\\/www.camarenahealth.org\\\/es\\\/ver-a-la-persona-en-su-totalidad\\\/#breadcrumb\",\"itemListElement\":[{\"@type\":\"ListItem\",\"position\":1,\"name\":\"Home\",\"item\":\"https:\\\/\\\/www.camarenahealth.org\\\/es\\\/\"},{\"@type\":\"ListItem\",\"position\":2,\"name\":\"Ver a la persona en su totalidad\"}]},{\"@type\":\"WebSite\",\"@id\":\"https:\\\/\\\/www.camarenahealth.org\\\/es\\\/#website\",\"url\":\"https:\\\/\\\/www.camarenahealth.org\\\/es\\\/\",\"name\":\"Camarena Health\",\"description\":\"We Are Community. We Are Family. We Are Health.\",\"publisher\":{\"@id\":\"https:\\\/\\\/www.camarenahealth.org\\\/es\\\/#organization\"},\"potentialAction\":[{\"@type\":\"SearchAction\",\"target\":{\"@type\":\"EntryPoint\",\"urlTemplate\":\"https:\\\/\\\/www.camarenahealth.org\\\/es\\\/?s={search_term_string}\"},\"query-input\":{\"@type\":\"PropertyValueSpecification\",\"valueRequired\":true,\"valueName\":\"search_term_string\"}}],\"inLanguage\":\"es\"},{\"@type\":\"Organization\",\"@id\":\"https:\\\/\\\/www.camarenahealth.org\\\/es\\\/#organization\",\"name\":\"Camarena Health\",\"url\":\"https:\\\/\\\/www.camarenahealth.org\\\/es\\\/\",\"logo\":{\"@type\":\"ImageObject\",\"inLanguage\":\"es\",\"@id\":\"https:\\\/\\\/www.camarenahealth.org\\\/es\\\/#\\\/schema\\\/logo\\\/image\\\/\",\"url\":\"https:\\\/\\\/www.camarenahealth.org\\\/wp-content\\\/uploads\\\/2021\\\/12\\\/Camarena-Health_2022-Logo.svg\",\"contentUrl\":\"https:\\\/\\\/www.camarenahealth.org\\\/wp-content\\\/uploads\\\/2021\\\/12\\\/Camarena-Health_2022-Logo.svg\",\"width\":1920,\"height\":382,\"caption\":\"Camarena Health\"},\"image\":{\"@id\":\"https:\\\/\\\/www.camarenahealth.org\\\/es\\\/#\\\/schema\\\/logo\\\/image\\\/\"}},{\"@type\":\"Person\",\"@id\":\"https:\\\/\\\/www.camarenahealth.org\\\/es\\\/#\\\/schema\\\/person\\\/6d99e88f5e6d30a40f43d9effef9885e\",\"name\":\"Arthur Zaragoza\",\"image\":{\"@type\":\"ImageObject\",\"inLanguage\":\"es\",\"@id\":\"https:\\\/\\\/secure.gravatar.com\\\/avatar\\\/26abd24b4d68a0663db4e601cc7fc1ffdb34b72a23f900ef5cac76bad06d0e33?s=96&d=mm&r=g\",\"url\":\"https:\\\/\\\/secure.gravatar.com\\\/avatar\\\/26abd24b4d68a0663db4e601cc7fc1ffdb34b72a23f900ef5cac76bad06d0e33?s=96&d=mm&r=g\",\"contentUrl\":\"https:\\\/\\\/secure.gravatar.com\\\/avatar\\\/26abd24b4d68a0663db4e601cc7fc1ffdb34b72a23f900ef5cac76bad06d0e33?s=96&d=mm&r=g\",\"caption\":\"Arthur Zaragoza\"},\"url\":\"https:\\\/\\\/www.camarenahealth.org\\\/es\\\/author\\\/azaragozacamarenahealth-org\\\/\"}]}<\/script>\n<!-- \/ Yoast SEO plugin. -->","yoast_head_json":{"title":"Ver a la persona en su totalidad - Camarena Health","description":"La salud bucodental es una parte importante del bienestar general. Por eso, Camarena Health est\u00e1 acercando la atenci\u00f3n m\u00e9dica y la dental a trav\u00e9s de una nueva iniciativa de revisi\u00f3n bucodental.","robots":{"index":"index","follow":"follow","max-snippet":"max-snippet:-1","max-image-preview":"max-image-preview:large","max-video-preview":"max-video-preview:-1"},"canonical":"https:\/\/www.camarenahealth.org\/es\/ver-a-la-persona-en-su-totalidad\/","og_locale":"es_ES","og_type":"article","og_title":"Ver a la persona en su totalidad - Camarena Health","og_description":"La salud bucodental es una parte importante del bienestar general. Por eso, Camarena Health est\u00e1 acercando la atenci\u00f3n m\u00e9dica y la dental a trav\u00e9s de una nueva iniciativa de revisi\u00f3n bucodental.","og_url":"https:\/\/www.camarenahealth.org\/es\/ver-a-la-persona-en-su-totalidad\/","og_site_name":"Camarena Health","article_published_time":"2026-08-31T20:30:01+00:00","article_modified_time":"2026-08-31T23:36:44+00:00","og_image":[{"width":1800,"height":946,"url":"https:\/\/www.camarenahealth.org\/wp-content\/uploads\/2026\/08\/Annual-Report_Seeing-the-Whole-Person_Blog-scaled.jpg","type":"image\/jpeg"}],"author":"Arthur Zaragoza","twitter_card":"summary_large_image","twitter_misc":{"Escrito por":"Arthur Zaragoza","Tiempo de lectura":"1 minuto"},"schema":{"@context":"https:\/\/schema.org","@graph":[{"@type":"Article","@id":"https:\/\/www.camarenahealth.org\/es\/ver-a-la-persona-en-su-totalidad\/#article","isPartOf":{"@id":"https:\/\/www.camarenahealth.org\/es\/ver-a-la-persona-en-su-totalidad\/"},"author":{"name":"Arthur Zaragoza","@id":"https:\/\/www.camarenahealth.org\/es\/#\/schema\/person\/6d99e88f5e6d30a40f43d9effef9885e"},"headline":"Ver a la persona en su totalidad","datePublished":"2026-08-31T20:30:01+00:00","dateModified":"2026-08-31T23:36:44+00:00","mainEntityOfPage":{"@id":"https:\/\/www.camarenahealth.org\/es\/ver-a-la-persona-en-su-totalidad\/"},"wordCount":194,"commentCount":0,"publisher":{"@id":"https:\/\/www.camarenahealth.org\/es\/#organization"},"image":{"@id":"https:\/\/www.camarenahealth.org\/es\/ver-a-la-persona-en-su-totalidad\/#primaryimage"},"thumbnailUrl":"https:\/\/www.camarenahealth.org\/wp-content\/uploads\/2026\/08\/Annual-Report_Seeing-the-Whole-Person_Blog-scaled.jpg","keywords":["Atenci\u00f3n m\u00e9dica","Salud bucodental","salud de camarena","Sanidad"],"articleSection":["Atenci\u00f3n sanitaria"],"inLanguage":"es","potentialAction":[{"@type":"CommentAction","name":"Comment","target":["https:\/\/www.camarenahealth.org\/es\/ver-a-la-persona-en-su-totalidad\/#respond"]}]},{"@type":"WebPage","@id":"https:\/\/www.camarenahealth.org\/es\/ver-a-la-persona-en-su-totalidad\/","url":"https:\/\/www.camarenahealth.org\/es\/ver-a-la-persona-en-su-totalidad\/","name":"Ver a la persona en su totalidad - Camarena Health","isPartOf":{"@id":"https:\/\/www.camarenahealth.org\/es\/#website"},"primaryImageOfPage":{"@id":"https:\/\/www.camarenahealth.org\/es\/ver-a-la-persona-en-su-totalidad\/#primaryimage"},"image":{"@id":"https:\/\/www.camarenahealth.org\/es\/ver-a-la-persona-en-su-totalidad\/#primaryimage"},"thumbnailUrl":"https:\/\/www.camarenahealth.org\/wp-content\/uploads\/2026\/08\/Annual-Report_Seeing-the-Whole-Person_Blog-scaled.jpg","datePublished":"2026-08-31T20:30:01+00:00","dateModified":"2026-08-31T23:36:44+00:00","description":"La salud bucodental es una parte importante del bienestar general. Por eso, Camarena Health est\u00e1 acercando la atenci\u00f3n m\u00e9dica y la dental a trav\u00e9s de una nueva iniciativa de revisi\u00f3n bucodental.","breadcrumb":{"@id":"https:\/\/www.camarenahealth.org\/es\/ver-a-la-persona-en-su-totalidad\/#breadcrumb"},"inLanguage":"es","potentialAction":[{"@type":"ReadAction","target":["https:\/\/www.camarenahealth.org\/es\/ver-a-la-persona-en-su-totalidad\/"]}]},{"@type":"ImageObject","inLanguage":"es","@id":"https:\/\/www.camarenahealth.org\/es\/ver-a-la-persona-en-su-totalidad\/#primaryimage","url":"https:\/\/www.camarenahealth.org\/wp-content\/uploads\/2026\/08\/Annual-Report_Seeing-the-Whole-Person_Blog-scaled.jpg","contentUrl":"https:\/\/www.camarenahealth.org\/wp-content\/uploads\/2026\/08\/Annual-Report_Seeing-the-Whole-Person_Blog-scaled.jpg","width":1800,"height":946},{"@type":"BreadcrumbList","@id":"https:\/\/www.camarenahealth.org\/es\/ver-a-la-persona-en-su-totalidad\/#breadcrumb","itemListElement":[{"@type":"ListItem","position":1,"name":"Home","item":"https:\/\/www.camarenahealth.org\/es\/"},{"@type":"ListItem","position":2,"name":"Ver a la persona en su totalidad"}]},{"@type":"WebSite","@id":"https:\/\/www.camarenahealth.org\/es\/#website","url":"https:\/\/www.camarenahealth.org\/es\/","name":"Camarena Health","description":"We Are Community. We Are Family. We Are Health.","publisher":{"@id":"https:\/\/www.camarenahealth.org\/es\/#organization"},"potentialAction":[{"@type":"SearchAction","target":{"@type":"EntryPoint","urlTemplate":"https:\/\/www.camarenahealth.org\/es\/?s={search_term_string}"},"query-input":{"@type":"PropertyValueSpecification","valueRequired":true,"valueName":"search_term_string"}}],"inLanguage":"es"},{"@type":"Organization","@id":"https:\/\/www.camarenahealth.org\/es\/#organization","name":"Camarena Health","url":"https:\/\/www.camarenahealth.org\/es\/","logo":{"@type":"ImageObject","inLanguage":"es","@id":"https:\/\/www.camarenahealth.org\/es\/#\/schema\/logo\/image\/","url":"https:\/\/www.camarenahealth.org\/wp-content\/uploads\/2021\/12\/Camarena-Health_2022-Logo.svg","contentUrl":"https:\/\/www.camarenahealth.org\/wp-content\/uploads\/2021\/12\/Camarena-Health_2022-Logo.svg","width":1920,"height":382,"caption":"Camarena Health"},"image":{"@id":"https:\/\/www.camarenahealth.org\/es\/#\/schema\/logo\/image\/"}},{"@type":"Person","@id":"https:\/\/www.camarenahealth.org\/es\/#\/schema\/person\/6d99e88f5e6d30a40f43d9effef9885e","name":"Arthur Zaragoza","image":{"@type":"ImageObject","inLanguage":"es","@id":"https:\/\/secure.gravatar.com\/avatar\/26abd24b4d68a0663db4e601cc7fc1ffdb34b72a23f900ef5cac76bad06d0e33?s=96&d=mm&r=g","url":"https:\/\/secure.gravatar.com\/avatar\/26abd24b4d68a0663db4e601cc7fc1ffdb34b72a23f900ef5cac76bad06d0e33?s=96&d=mm&r=g","contentUrl":"https:\/\/secure.gravatar.com\/avatar\/26abd24b4d68a0663db4e601cc7fc1ffdb34b72a23f900ef5cac76bad06d0e33?s=96&d=mm&r=g","caption":"Arthur Zaragoza"},"url":"https:\/\/www.camarenahealth.org\/es\/author\/azaragozacamarenahealth-org\/"}]}},"_links":{"self":[{"href":"https:\/\/www.camarenahealth.org\/es\/wp-json\/wp\/v2\/posts\/36889","targetHints":{"allow":["GET"]}}],"collection":[{"href":"https:\/\/www.camarenahealth.org\/es\/wp-json\/wp\/v2\/posts"}],"about":[{"href":"https:\/\/www.camarenahealth.org\/es\/wp-json\/wp\/v2\/types\/post"}],"author":[{"embeddable":true,"href":"https:\/\/www.camarenahealth.org\/es\/wp-json\/wp\/v2\/users\/100"}],"replies":[{"embeddable":true,"href":"https:\/\/www.camarenahealth.org\/es\/wp-json\/wp\/v2\/comments?post=36889"}],"version-history":[{"count":1,"href":"https:\/\/www.camarenahealth.org\/es\/wp-json\/wp\/v2\/posts\/36889\/revisions"}],"predecessor-version":[{"id":36891,"href":"https:\/\/www.camarenahealth.org\/es\/wp-json\/wp\/v2\/posts\/36889\/revisions\/36891"}],"wp:featuredmedia":[{"embeddable":true,"href":"https:\/\/www.camarenahealth.org\/es\/wp-json\/wp\/v2\/media\/36890"}],"wp:attachment":[{"href":"https:\/\/www.camarenahealth.org\/es\/wp-json\/wp\/v2\/media?parent=36889"}],"wp:term":[{"taxonomy":"category","embeddable":true,"href":"https:\/\/www.camarenahealth.org\/es\/wp-json\/wp\/v2\/categories?post=36889"},{"taxonomy":"post_tag","embeddable":true,"href":"https:\/\/www.camarenahealth.org\/es\/wp-json\/wp\/v2\/tags?post=36889"}],"curies":[{"name":"wp","href":"https:\/\/api.w.org\/{rel}","templated":true}]}}